{"id":199304,"date":"2014-12-16T18:38:05","date_gmt":"2014-12-16T18:38:05","guid":{"rendered":"http:\/\/diariodominicano.ddns.net\/?p=199304"},"modified":"2014-12-16T18:38:05","modified_gmt":"2014-12-16T18:38:05","slug":"a-rod-sera-el-bateador-designado-de-los-yankees","status":"publish","type":"post","link":"https:\/\/diariodominicano.com\/?p=199304","title":{"rendered":"A-Rod ser\u00e1 el bateador designado de los Yankees"},"content":{"rendered":"<p><body><\/p>\n<p><img decoding=\"async\" src=\"img3\/arod.jpg\" \/>  <\/p>\n<p><span class=\"text1noticias\">NUEVA YORK, EE.UU., 16 de Diciembre.-El gerente general de los Yankees Brian Cashman dijo que los d\u00edas de Alex Rodr\u00edguez como un jugador de cuadro a tiempo completo est\u00e1n contados. En el mejor de los casos, espera que A-Rod se quede como el bateador designado del equipo.<\/span><\/p>\n<\/p>\n<p><span class=\"text1noticias\">Cashman confirm\u00f3 el martes que Chase Headley ser\u00e1 el tercera base titular del equipo, luego de que pactaran por cuatro campa\u00f1as y 52 millones de d\u00f3lares esta semana.<\/span><\/p>\n<\/p>\n<p><span class=\"text1noticias\">Luego de una temporada completa de suspensi\u00f3n por violar el reglamento antidopaje de las mayores, Rodr\u00edguez ser\u00e1 relegado el papel de designado en la alineaci\u00f3n del piloto Joe Girardi. Cashman dijo que el toletero, elegido en tres ocasiones como Jugador M\u00e1s Valioso de la Liga Americana, tendr\u00e1 que competir con Mart\u00edn Prado por algunos turnos como el suplente de Headley en la antesala.<\/span><\/p>\n<\/p>\n<p><span class=\"text1noticias\">\u00abNo puedo esperar nada de Alex\u00bb, coment\u00f3 Cashman durante una entrevista telef\u00f3nica con The Associated Press. \u00abTengo que pensar en el peor escenario y esperar que suceda lo mejor. Incluso antes de la suspensi\u00f3n, no era el mismo jugador en la tercera base, tanto en la ofensiva como en defensa. Y eso era antes de la suspensi\u00f3n\u00bb.<\/span><\/p>\n<\/p>\n<p><span class=\"text1noticias\">\u00abY ahora, \u00e9l ha estado fuera del b\u00e9isbol por un a\u00f1o. Est\u00e1 llegando a los 40 a\u00f1os de edad, y, desde mi perspectiva y tomando en cuenta las circunstancias, es muy peligroso dar por sentado autom\u00e1ticamente que va a encajar en la tercera base, jugar todos los d\u00edas y ser productivo\u00bb, agreg\u00f3.<\/span><\/p>\n<\/p>\n<p><span class=\"text1noticias\">Rodr\u00edguez cumplir\u00e1 40 a\u00f1os en julio y no ha jugado una temporada completa desde 2007 debido a lesiones en la pierna, operaciones en ambas caderas y la suspensi\u00f3n.<\/span><\/p>\n<\/p>\n<p><span class=\"text1noticias\">\u00abDadas las circunstancias, buscamos que se consolide como un tremendo bateador designado para nosotros y si muestra que retiene capacidad atl\u00e9tica, entonces podr\u00eda jugar en la antesala como una alternativa cuando Joe decida darle descanso a Headley\u00bb, dijo Cashman. \u00abAlex puede competir por la preferencia de Joe, ya sea \u00e9l o Prado quienes jueguen en la tercera\u00bb.<\/span><\/p>\n<\/p>\n<p><span class=\"text1noticias\">Cashman dijo que todav\u00eda no habla con Rodr\u00edguez acerca de su nuevo papel con el equipo.<\/span><\/p>\n<\/p>\n<p><span class=\"text1noticias\">\u00abNo necesito hacerlo, he sido muy consistente con mis comentarios p\u00fablicos de octubre a la fecha. No he sabido nada de Alex o algo as\u00ed y s\u00e9 que \u00e9l lee todo esto\u00bb, finaliz\u00f3.(HG)<\/span>.<\/p>\n<h6> 2014-12-16 18:38:05 <\/h6>\n<p><!--\n<link rel=\"stylesheet\" href=\"css\/bootstrap.min.css\">\n\n\n<ul class=\"pagination\">\n\t    \n\t\n\n<li >\n\t<a href='?page_no=15819'>Previous<\/a>\n\t<\/li>\n\n\n       \n    \n\n<li><a href='?page_no=1'>1<\/a><\/li>\n\n\n\n<li><a href='?page_no=2'>2<\/a><\/li>\n\n\n\n<li><a>...<\/a><\/li>\n\n\n\n<li><a href='?page_no=15818'>15818<\/a><\/li>\n\n\n\n<li><a href='?page_no=15819'>15819<\/a><\/li>\n\n\n\n<li class='active'><a>15820<\/a><\/li>\n\n\n\n<li><a href='?page_no=15821'>15821<\/a><\/li>\n\n\n\n<li><a href='?page_no=15822'>15822<\/a><\/li>\n\n\n\n<li><a>...<\/a><\/li>\n\n\n\n<li><a href='?page_no=36618'>36618<\/a><\/li>\n\n\n\n<li><a href='?page_no=36619'>36619<\/a><\/li>\n\n    \n\t\n\n<li >\n\t<a href='?page_no=15821'>Next<\/a>\n\t<\/li>\n\n\n    \n\n<li><a href='?page_no=36619'>Last &rsaquo;&rsaquo;<\/a><\/li>\n\n<\/ul>\n\n\n--><br \/>\n<\/body><\/p>\n","protected":false},"excerpt":{"rendered":"<p>NUEVA YORK, EE.UU., 16 de Diciembre.-El gerente general de los Yankees Brian Cashman dijo que los d\u00edas de Alex Rodr\u00edguez como un jugador de cuadro a tiempo completo est\u00e1n contados. En el mejor de los casos, espera que A-Rod se quede como el bateador designado del equipo. Cashman confirm\u00f3 el martes que Chase Headley ser\u00e1 [&hellip;]<\/p>\n","protected":false},"author":3,"featured_media":0,"comment_status":"open","ping_status":"open","sticky":false,"template":"","format":"standard","meta":{"footnotes":""},"categories":[17],"tags":[],"class_list":["post-199304","post","type-post","status-publish","format-standard","hentry","category-deportes"],"_links":{"self":[{"href":"https:\/\/diariodominicano.com\/index.php?rest_route=\/wp\/v2\/posts\/199304","targetHints":{"allow":["GET"]}}],"collection":[{"href":"https:\/\/diariodominicano.com\/index.php?rest_route=\/wp\/v2\/posts"}],"about":[{"href":"https:\/\/diariodominicano.com\/index.php?rest_route=\/wp\/v2\/types\/post"}],"author":[{"embeddable":true,"href":"https:\/\/diariodominicano.com\/index.php?rest_route=\/wp\/v2\/users\/3"}],"replies":[{"embeddable":true,"href":"https:\/\/diariodominicano.com\/index.php?rest_route=%2Fwp%2Fv2%2Fcomments&post=199304"}],"version-history":[{"count":0,"href":"https:\/\/diariodominicano.com\/index.php?rest_route=\/wp\/v2\/posts\/199304\/revisions"}],"wp:attachment":[{"href":"https:\/\/diariodominicano.com\/index.php?rest_route=%2Fwp%2Fv2%2Fmedia&parent=199304"}],"wp:term":[{"taxonomy":"category","embeddable":true,"href":"https:\/\/diariodominicano.com\/index.php?rest_route=%2Fwp%2Fv2%2Fcategories&post=199304"},{"taxonomy":"post_tag","embeddable":true,"href":"https:\/\/diariodominicano.com\/index.php?rest_route=%2Fwp%2Fv2%2Ftags&post=199304"}],"curies":[{"name":"wp","href":"https:\/\/api.w.org\/{rel}","templated":true}]}}