{"id":199284,"date":"2014-12-21T14:15:02","date_gmt":"2014-12-21T14:15:02","guid":{"rendered":"http:\/\/diariodominicano.ddns.net\/?p=199284"},"modified":"2014-12-21T14:15:02","modified_gmt":"2014-12-21T14:15:02","slug":"muhammad-ali-fue-hospitalizado-el-sabado-debido-a-una-neumonia-leve","status":"publish","type":"post","link":"https:\/\/diariodominicano.com\/?p=199284","title":{"rendered":"Muhammad Ali fue hospitalizado el s\u00e1bado debido a una neumon\u00eda \u00ableve\u00bb"},"content":{"rendered":"<p><body><\/p>\n<p><img decoding=\"async\" src=\"img3\/ali 21.jpg\" \/>  <\/p>\n<p>Louisville, Kentucky, EE.UU. 21 diciembre Muhammad Ali fue hospitalizado el s\u00e1bado debido a una neumon\u00eda \u00ableve\u00bb, inform\u00f3 un portavoz del legendario ex boxeador.<\/p>\n<\/p>\n<p>El vocero Bob Gunnell dijo que el ex monarca de los pesados, de 72 a\u00f1os, recib\u00eda atenci\u00f3n por parte de sus m\u00e9dicos y se encontraba en condici\u00f3n estable. No revel\u00f3 el hospital donde se halla Ali.<\/p>\n<\/p>\n<p>\u00abIngres\u00f3 a la cl\u00ednica esta ma\u00f1ana\u00bb, dijo Gunnell en una entrevista telef\u00f3nica. \u00abTiene un caso leve de neumon\u00eda y el pron\u00f3stico es bueno\u00bb.<\/p>\n<\/p>\n<p>Gunnell afirm\u00f3 que el pron\u00f3stico de Ali es positivo, dado que la neumon\u00eda se detect\u00f3 oportunamente. Se espera que su estad\u00eda en el hospital resulte breve.<\/p>\n<\/p>\n<p>El portavoz dijo que no se divulgar\u00edan m\u00e1s detalles, dado que la familia de Ali hab\u00eda solicitado respeto a su privacidad.<\/p>\n<p>Ali sufre el mal de Parkinson. Su \u00faltima aparici\u00f3n p\u00fablica ocurri\u00f3 en septiembre, cuando asisti\u00f3 a una ceremonia en Louisville, su ciudad natal, para la entrega de los premios humanitarios que llevan su nombre. No habl\u00f3 durante ese acto.<\/p>\n<\/p>\n<p>Considerado por muchos el mejor boxeador de la historia, Ali mora en Paradise Valley, Arizona. Junto con su esposa Lonnie, tiene tambi\u00e9n residencias en Barrien Springs, Michigan, y en Louisville.<\/p>\n<\/p>\n<p>Se retir\u00f3 del pugilismo en 1981 y se dedic\u00f3 a varias causas sociales. Viaj\u00f3 por el mundo en misiones humanitarias, code\u00e1ndose lo mismo con gente necesitada que con l\u00edderes mundiales.<\/p>\n<\/p>\n<p>En 2005, el entonces mandatario estadounidense George w. Bush le entreg\u00f3 a Ali la Medalla Presidencial de la Libertad.<\/p>\n<\/p>\n<p>El Centro Muhammad Ali, en Louisville, est\u00e1 dedicado a las causas humanitarias del ex boxeador y guarda tambi\u00e9n la memoria de sus proezas deportivas.<\/p>\n<h6> 2014-12-21 14:15:02 <\/h6>\n<p><!--\n<link rel=\"stylesheet\" href=\"css\/bootstrap.min.css\">\n\n\n<ul class=\"pagination\">\n\t    \n\t\n\n<li >\n\t<a href='?page_no=15801'>Previous<\/a>\n\t<\/li>\n\n\n       \n    \n\n<li><a href='?page_no=1'>1<\/a><\/li>\n\n\n\n<li><a href='?page_no=2'>2<\/a><\/li>\n\n\n\n<li><a>...<\/a><\/li>\n\n\n\n<li><a href='?page_no=15800'>15800<\/a><\/li>\n\n\n\n<li><a href='?page_no=15801'>15801<\/a><\/li>\n\n\n\n<li class='active'><a>15802<\/a><\/li>\n\n\n\n<li><a href='?page_no=15803'>15803<\/a><\/li>\n\n\n\n<li><a href='?page_no=15804'>15804<\/a><\/li>\n\n\n\n<li><a>...<\/a><\/li>\n\n\n\n<li><a href='?page_no=36618'>36618<\/a><\/li>\n\n\n\n<li><a href='?page_no=36619'>36619<\/a><\/li>\n\n    \n\t\n\n<li >\n\t<a href='?page_no=15803'>Next<\/a>\n\t<\/li>\n\n\n    \n\n<li><a href='?page_no=36619'>Last &rsaquo;&rsaquo;<\/a><\/li>\n\n<\/ul>\n\n\n--><br \/>\n<\/body><\/p>\n","protected":false},"excerpt":{"rendered":"<p>Louisville, Kentucky, EE.UU. 21 diciembre Muhammad Ali fue hospitalizado el s\u00e1bado debido a una neumon\u00eda \u00ableve\u00bb, inform\u00f3 un portavoz del legendario ex boxeador. El vocero Bob Gunnell dijo que el ex monarca de los pesados, de 72 a\u00f1os, recib\u00eda atenci\u00f3n por parte de sus m\u00e9dicos y se encontraba en condici\u00f3n estable. No revel\u00f3 el hospital [&hellip;]<\/p>\n","protected":false},"author":3,"featured_media":0,"comment_status":"open","ping_status":"open","sticky":false,"template":"","format":"standard","meta":{"footnotes":""},"categories":[17],"tags":[],"class_list":["post-199284","post","type-post","status-publish","format-standard","hentry","category-deportes"],"_links":{"self":[{"href":"https:\/\/diariodominicano.com\/index.php?rest_route=\/wp\/v2\/posts\/199284","targetHints":{"allow":["GET"]}}],"collection":[{"href":"https:\/\/diariodominicano.com\/index.php?rest_route=\/wp\/v2\/posts"}],"about":[{"href":"https:\/\/diariodominicano.com\/index.php?rest_route=\/wp\/v2\/types\/post"}],"author":[{"embeddable":true,"href":"https:\/\/diariodominicano.com\/index.php?rest_route=\/wp\/v2\/users\/3"}],"replies":[{"embeddable":true,"href":"https:\/\/diariodominicano.com\/index.php?rest_route=%2Fwp%2Fv2%2Fcomments&post=199284"}],"version-history":[{"count":0,"href":"https:\/\/diariodominicano.com\/index.php?rest_route=\/wp\/v2\/posts\/199284\/revisions"}],"wp:attachment":[{"href":"https:\/\/diariodominicano.com\/index.php?rest_route=%2Fwp%2Fv2%2Fmedia&parent=199284"}],"wp:term":[{"taxonomy":"category","embeddable":true,"href":"https:\/\/diariodominicano.com\/index.php?rest_route=%2Fwp%2Fv2%2Fcategories&post=199284"},{"taxonomy":"post_tag","embeddable":true,"href":"https:\/\/diariodominicano.com\/index.php?rest_route=%2Fwp%2Fv2%2Ftags&post=199284"}],"curies":[{"name":"wp","href":"https:\/\/api.w.org\/{rel}","templated":true}]}}