{"id":199266,"date":"2014-12-24T09:05:59","date_gmt":"2014-12-24T09:05:59","guid":{"rendered":"http:\/\/diariodominicano.ddns.net\/?p=199266"},"modified":"2014-12-24T09:05:59","modified_gmt":"2014-12-24T09:05:59","slug":"manny-acta-cita-factores-que-incidieron-en-el-pesimo-record-del-equipo","status":"publish","type":"post","link":"https:\/\/diariodominicano.com\/?p=199266","title":{"rendered":"Manny Acta cita factores que incidieron en el p\u00e9simo r\u00e9cord del equipo"},"content":{"rendered":"<p><body><\/p>\n<p><img decoding=\"async\" src=\"img3\/acta 24.jpeg\" \/>  <\/p>\n<p>Santo Domingo RD 24 diciembre.- El amargo sabor que le ha dejado la eliminaci\u00f3n de los Tigres del Licey ser\u00e1, paradojicamente, una raz\u00f3n de peso para que Manny Acta contin\u00fae como gerente general de los todav\u00eda campeones del circuito oto\u00f1o invernal de Rep\u00fablica Dominicana.<\/p>\n<\/p>\n<p>\u00abAunque ganamos el a\u00f1o pasado, no me quiero despedir con ese sabor amargo\u00bb, expres\u00f3 Acta en una declaraci\u00f3n escrita. <\/p>\n<\/p>\n<p>\u00abMi acuerdo expira en febrero, pero me reunir\u00e9 con la directiva y ya veremos&#8230;\u00bb, declar\u00f3 el ex dirigente de los Nacionales de Washignton y los Indios de Cleveland.<\/p>\n<\/p>\n<p>Aclar\u00f3 que \u00abtodo siempre depender\u00e1 de la cuota de trabajo que se me asigne en mi trabajo como analista\u00bb de los juegos de Grandes Ligas con la cadena ESPN y del programa \u00abBaseball Tonight\u00bb.<\/p>\n<\/p>\n<p>Acta, quien al decir del presidente del presidente del Club Atl\u00e9tico Licey, Miguel Guerra, \u00abno hay razones para que no permanezca como gerente general\u00bb, enumer\u00f3 las razones que entiende incidieron para que esta vez se quedaran fuera de al postemporada.<\/p>\n<\/p>\n<p>\u00abFuimos un modelo de inconsistencia todo el a\u00f1o y nuestro lento comienzo de 1- 8 nos pas\u00f3 factura al final\u00bb, afirm\u00f3 sobre un equipo que tuvo marca de 19-31 y qued\u00f3 a cinco partidos de la cuarta y \u00faltima plaza clasificatoria.<\/p>\n<\/p>\n<p>Indic\u00f3 que se hicieron esfuerzos para cubrir las ausencias de Yamaico Navarro, \u00c9ngel Beltr\u00e9 y Emilio Bonifacio, \u00abpero nunca pudimos poner un equipo consistente en el terreno y de eso me responsabilizo\u00bb.<\/p>\n<\/p>\n<p>Apunt\u00f3 que con excepci\u00f3n del torpedero \u00c9lmer Reyes, Chris Parmelee, Jos\u00e9 Ruiz, John Lannan, Mitch Atkins y Katsuki Matayoshi, etc\u00e9tera, los importados, \u00abque siempre son imprescindibles\u00bb, no llenaron las expectativas.<\/p>\n<\/p>\n<p>Consider\u00f3 que aun cuando \u00e9stos tienen su cuota de contribuci\u00f3n, cree que el material nativo es el que conduce a la clasificaci\u00f3n en la mayor\u00eda de los casos.<\/p>\n<\/p>\n<p>\u00abHicimos un cambio de dirigente (Wally Backman por Jos\u00e9 Offerman) por las 2 rachas negativas que tuvimos en la primera mitad, buscando una reacci\u00f3n, pero exoneramos a ambos dirigentes de culpa. Nada aline\u00f3 como lo planeamos en Operaciones de B\u00e9isbol\u00bb.<\/p>\n<\/p>\n<p>Acta aclar\u00f3, asimismo, que el dinero no fue factor porque siempre ha contado con el apoyo de la directiva y como prueba de ello puso de ejemplo que en un momento dado del torneo el Licey tuvo a diez importados bajo contrato.<\/p>\n<\/p>\n<p>\u00abReitero que como Gerente de Operaciones de B\u00e9isbol, me responsabilizo de todo\u00bb, subray\u00f3.<\/p>\n<h6> 2014-12-24 09:05:59 <\/h6>\n<p><!--\n<link rel=\"stylesheet\" href=\"css\/bootstrap.min.css\">\n\n\n<ul class=\"pagination\">\n\t    \n\t\n\n<li >\n\t<a href='?page_no=15786'>Previous<\/a>\n\t<\/li>\n\n\n       \n    \n\n<li><a href='?page_no=1'>1<\/a><\/li>\n\n\n\n<li><a href='?page_no=2'>2<\/a><\/li>\n\n\n\n<li><a>...<\/a><\/li>\n\n\n\n<li><a href='?page_no=15785'>15785<\/a><\/li>\n\n\n\n<li><a href='?page_no=15786'>15786<\/a><\/li>\n\n\n\n<li class='active'><a>15787<\/a><\/li>\n\n\n\n<li><a href='?page_no=15788'>15788<\/a><\/li>\n\n\n\n<li><a href='?page_no=15789'>15789<\/a><\/li>\n\n\n\n<li><a>...<\/a><\/li>\n\n\n\n<li><a href='?page_no=36618'>36618<\/a><\/li>\n\n\n\n<li><a href='?page_no=36619'>36619<\/a><\/li>\n\n    \n\t\n\n<li >\n\t<a href='?page_no=15788'>Next<\/a>\n\t<\/li>\n\n\n    \n\n<li><a href='?page_no=36619'>Last &rsaquo;&rsaquo;<\/a><\/li>\n\n<\/ul>\n\n\n--><br \/>\n<\/body><\/p>\n","protected":false},"excerpt":{"rendered":"<p>Santo Domingo RD 24 diciembre.- El amargo sabor que le ha dejado la eliminaci\u00f3n de los Tigres del Licey ser\u00e1, paradojicamente, una raz\u00f3n de peso para que Manny Acta contin\u00fae como gerente general de los todav\u00eda campeones del circuito oto\u00f1o invernal de Rep\u00fablica Dominicana. \u00abAunque ganamos el a\u00f1o pasado, no me quiero despedir con ese [&hellip;]<\/p>\n","protected":false},"author":3,"featured_media":0,"comment_status":"open","ping_status":"open","sticky":false,"template":"","format":"standard","meta":{"footnotes":""},"categories":[17],"tags":[],"class_list":["post-199266","post","type-post","status-publish","format-standard","hentry","category-deportes"],"_links":{"self":[{"href":"https:\/\/diariodominicano.com\/index.php?rest_route=\/wp\/v2\/posts\/199266","targetHints":{"allow":["GET"]}}],"collection":[{"href":"https:\/\/diariodominicano.com\/index.php?rest_route=\/wp\/v2\/posts"}],"about":[{"href":"https:\/\/diariodominicano.com\/index.php?rest_route=\/wp\/v2\/types\/post"}],"author":[{"embeddable":true,"href":"https:\/\/diariodominicano.com\/index.php?rest_route=\/wp\/v2\/users\/3"}],"replies":[{"embeddable":true,"href":"https:\/\/diariodominicano.com\/index.php?rest_route=%2Fwp%2Fv2%2Fcomments&post=199266"}],"version-history":[{"count":0,"href":"https:\/\/diariodominicano.com\/index.php?rest_route=\/wp\/v2\/posts\/199266\/revisions"}],"wp:attachment":[{"href":"https:\/\/diariodominicano.com\/index.php?rest_route=%2Fwp%2Fv2%2Fmedia&parent=199266"}],"wp:term":[{"taxonomy":"category","embeddable":true,"href":"https:\/\/diariodominicano.com\/index.php?rest_route=%2Fwp%2Fv2%2Fcategories&post=199266"},{"taxonomy":"post_tag","embeddable":true,"href":"https:\/\/diariodominicano.com\/index.php?rest_route=%2Fwp%2Fv2%2Ftags&post=199266"}],"curies":[{"name":"wp","href":"https:\/\/api.w.org\/{rel}","templated":true}]}}