{"id":199264,"date":"2014-12-24T09:37:38","date_gmt":"2014-12-24T09:37:38","guid":{"rendered":"http:\/\/diariodominicano.ddns.net\/?p=199264"},"modified":"2014-12-24T09:37:38","modified_gmt":"2014-12-24T09:37:38","slug":"javier-abejon-fortuna-acabo-con-miguel-taveras-en-apenas-un-round","status":"publish","type":"post","link":"https:\/\/diariodominicano.com\/?p=199264","title":{"rendered":"&#13;Javier \u00abAbej\u00f3n\u00bb Fortuna acab\u00f3 con Miguel Taveras en apenas un round"},"content":{"rendered":"<p><body><\/p>\n<p><img decoding=\"async\" src=\"img3\/fortuna 24.jpg\" \/>  <\/p>\n<p>La Romana RD 24 diciembre.- El dilema frente al prospecto Miguel Taveras solo dur\u00f3 un asalto de los diez pautados y el ex campe\u00f3n mundial Javier Fortuna ya piensa en su pr\u00f3ximo rival.<\/p>\n<\/p>\n<p>\u00abQuer\u00eda darle un espect\u00e1culo de mayor duraci\u00f3n a mi gente, no siempre puedo pelear aqu\u00ed en La Romana, donde muchos de los que vienen me vieron nacer, pero no tengo la culpa de pegar tan fuerte, cuando lo toqu\u00e9 abajo se cay\u00f3 y sobre el ring las cosas no se dejan para despu\u00e9s, la segunda combinaci\u00f3n le hizo mucho da\u00f1o y fue a la lona de nuevo\u00bb, narr\u00f3 \u00abEl Abej\u00f3n\u00bb, como le apodan sus seguidores.<\/p>\n<\/p>\n<p>\u00abSe acab\u00f3 el problema, \u00e9l es joven y tiene futuro, pero yo dije que este es mi momento, no el suyo\u00bb.<\/p>\n<\/p>\n<p>Taveras no sali\u00f3 a pelear en el segundo asalto producto de los fuertes golpes a la parte media conectados por Fortuna, quien apenas sud\u00f3 en la que fue la pelea estelar presentada el lunes en el Polideportivo Eleoncio Mercedes, en la ciudad de La Romana. El pleito organizado por la empresa Mangu\u00a8ita Promotions y pactado a diez asaltos en las 130 libras, represent\u00f3 la victoria 27 para el ex rey de los plumas y su nocaut n\u00famero 20. Fortuna, quien busca un chance en las 130 por su posible segunda corona del mundo, ven\u00eda de noquear en cinco asaltos al boricua Abner Cotto, en noviembre en la ciudad de Chicago.<\/p>\n<\/p>\n<p>El romanense se coron\u00f3 campe\u00f3n del mundo de peso pluma en diciembre de 2008 derrotando en Las Vegas, Nevada, al irland\u00e9s Patrick Hyland; pero perdi\u00f3 la faja en la primera defensa en la balanza aunque venci\u00f3 a su rival por nocaut en el primer asalto.<\/p>\n<\/p>\n<p>El Chavo gana <\/p>\n<p>En la pelea semiestelar, Braulio \u00abEl Chavo\u00bb Rodr\u00edguez super\u00f3 a los puntos a Franklin Fr\u00edas en el peso ligero; mientras que Yosi Abreu, en la categor\u00eda welter, dispuso por nocaut en dos rounds de Juan Carlos Contreras.<\/p>\n<\/p>\n<h6> 2014-12-24 09:37:38 <\/h6>\n<p><!--\n<link rel=\"stylesheet\" href=\"css\/bootstrap.min.css\">\n\n\n<ul class=\"pagination\">\n\t    \n\t\n\n<li >\n\t<a href='?page_no=15784'>Previous<\/a>\n\t<\/li>\n\n\n       \n    \n\n<li><a href='?page_no=1'>1<\/a><\/li>\n\n\n\n<li><a href='?page_no=2'>2<\/a><\/li>\n\n\n\n<li><a>...<\/a><\/li>\n\n\n\n<li><a href='?page_no=15783'>15783<\/a><\/li>\n\n\n\n<li><a href='?page_no=15784'>15784<\/a><\/li>\n\n\n\n<li class='active'><a>15785<\/a><\/li>\n\n\n\n<li><a href='?page_no=15786'>15786<\/a><\/li>\n\n\n\n<li><a href='?page_no=15787'>15787<\/a><\/li>\n\n\n\n<li><a>...<\/a><\/li>\n\n\n\n<li><a href='?page_no=36618'>36618<\/a><\/li>\n\n\n\n<li><a href='?page_no=36619'>36619<\/a><\/li>\n\n    \n\t\n\n<li >\n\t<a href='?page_no=15786'>Next<\/a>\n\t<\/li>\n\n\n    \n\n<li><a href='?page_no=36619'>Last &rsaquo;&rsaquo;<\/a><\/li>\n\n<\/ul>\n\n\n--><br \/>\n<\/body><\/p>\n","protected":false},"excerpt":{"rendered":"<p>La Romana RD 24 diciembre.- El dilema frente al prospecto Miguel Taveras solo dur\u00f3 un asalto de los diez pautados y el ex campe\u00f3n mundial Javier Fortuna ya piensa en su pr\u00f3ximo rival. \u00abQuer\u00eda darle un espect\u00e1culo de mayor duraci\u00f3n a mi gente, no siempre puedo pelear aqu\u00ed en La Romana, donde muchos de los [&hellip;]<\/p>\n","protected":false},"author":3,"featured_media":0,"comment_status":"open","ping_status":"open","sticky":false,"template":"","format":"standard","meta":{"footnotes":""},"categories":[17],"tags":[],"class_list":["post-199264","post","type-post","status-publish","format-standard","hentry","category-deportes"],"_links":{"self":[{"href":"https:\/\/diariodominicano.com\/index.php?rest_route=\/wp\/v2\/posts\/199264","targetHints":{"allow":["GET"]}}],"collection":[{"href":"https:\/\/diariodominicano.com\/index.php?rest_route=\/wp\/v2\/posts"}],"about":[{"href":"https:\/\/diariodominicano.com\/index.php?rest_route=\/wp\/v2\/types\/post"}],"author":[{"embeddable":true,"href":"https:\/\/diariodominicano.com\/index.php?rest_route=\/wp\/v2\/users\/3"}],"replies":[{"embeddable":true,"href":"https:\/\/diariodominicano.com\/index.php?rest_route=%2Fwp%2Fv2%2Fcomments&post=199264"}],"version-history":[{"count":0,"href":"https:\/\/diariodominicano.com\/index.php?rest_route=\/wp\/v2\/posts\/199264\/revisions"}],"wp:attachment":[{"href":"https:\/\/diariodominicano.com\/index.php?rest_route=%2Fwp%2Fv2%2Fmedia&parent=199264"}],"wp:term":[{"taxonomy":"category","embeddable":true,"href":"https:\/\/diariodominicano.com\/index.php?rest_route=%2Fwp%2Fv2%2Fcategories&post=199264"},{"taxonomy":"post_tag","embeddable":true,"href":"https:\/\/diariodominicano.com\/index.php?rest_route=%2Fwp%2Fv2%2Ftags&post=199264"}],"curies":[{"name":"wp","href":"https:\/\/api.w.org\/{rel}","templated":true}]}}