{"id":199261,"date":"2014-12-24T11:30:31","date_gmt":"2014-12-24T11:30:31","guid":{"rendered":"http:\/\/diariodominicano.ddns.net\/?p=199261"},"modified":"2014-12-24T11:30:31","modified_gmt":"2014-12-24T11:30:31","slug":"de-la-mar-y-carmona-campeones-de-la-carrera-la-ruta-del-lechon","status":"publish","type":"post","link":"https:\/\/diariodominicano.com\/?p=199261","title":{"rendered":"De la Mar y Carmona, campeones de la carrera \u00abLa Ruta del Lech\u00f3n\u00bb"},"content":{"rendered":"<p><body><\/p>\n<p><img decoding=\"async\" src=\"img3\/lechon.jpg\" \/><br \/><img decoding=\"async\" src=\"img3\/medico.jpg\" \/>  <\/p>\n<p><span class=\"text1noticias\">Santo Domingo, RD, 24 de Diciembre.-Los pedalistas Richard de la Mar y Julio Misael Carmona fueron los campeones del tradicional evento \u00abLa Ruta del Lech\u00f3n\u00bb, que se celebr\u00f3 el pasado fin de semana dedicado al doctor F\u00e9lix Antonio Cruz Jimini\u00e1n.<\/span><\/p>\n<\/p>\n<p><span class=\"text1noticias\">El certamen fue organizado por la Junta de Vecinos \u00abLas Flores\u00bb, del sector Brisas del Este, dirigida por el t\u00e9cnico Hip\u00f3lito Zabala, coordinador y fundador de la actividad junto a Juana de Le\u00f3n.<\/span><\/p>\n<\/p>\n<p><span class=\"text1noticias\">De la Mar gan\u00f3 la categor\u00eda superior (17 a\u00f1os), tras recorrer los siete kil\u00f3metros en un tiempo de 20.53, seguido de Alfredo Jim\u00e9nez con 23.16 y F\u00e9lix P\u00e9rez, 23.23.<\/span><\/p>\n<\/p>\n<p><span class=\"text1noticias\">En la divisi\u00f3n mediana (13-15 a\u00f1os) se coron\u00f3 Julio Carmona, quien registr\u00f3 un tiempo de 12.38en las seis vueltas, seguido de Fedin Mena, 12.39y Eduardo J\u00e1quez y Jeison Osorio 14.26 cada uno.<\/span><\/p>\n<\/p>\n<p><span class=\"text1noticias\">Los campeones obtuvieron como premio un puerco asado y cinco mil pesos cada uno, cortes\u00eda del empresario Fabi\u00e1n Taveras, de Inversiones Taveras y tambi\u00e9n una cubeta de pinturas, a nombre de Crysmar y su ejecutivo Ariel Cruz, quien adem\u00e1s rif\u00f3 10 cubetas de pinturas entre el p\u00fablico presente.<\/span><\/p>\n<\/p>\n<p><span class=\"text1noticias\">Previo a las competencias se celebr\u00f3 una sencilla ceremonia, donde Hip\u00f3lito Zabala pronunci\u00f3 las palabras de bienvenida y dio paso al doctor Cruz Jimini\u00e1n, quien recibi\u00f3 la placa de la dedicatoria de manos de la ni\u00f1a Liz Zabala y elogi\u00f3 el evento y felicit\u00f3 a los dirigentes y a los j\u00f3venes de Brisas del Este por organizar una competencia tan bonita, a pesar de las limitaciones de recursos y se puso a disposici\u00f3n para futuros eventos.<\/span><\/p>\n<\/p>\n<p><span class=\"text1noticias\">El diputado Manuel Jim\u00e9nez tambi\u00e9n habl\u00f3 y coincidi\u00f3 con Jimini\u00e1n, anunciando que se integrar\u00e1 a la organizaci\u00f3n del evento.<\/span><\/p>\n<\/p>\n<p><span class=\"text1noticias\">En tanto que el empresario Fabi\u00e1n Taveras, de Inversiones Taveras, quien todos los a\u00f1os colabora con el evento, al igual que Pinturas Crysmar, anunci\u00f3 que aumentar\u00e1 el apoyo para la pr\u00f3xima edici\u00f3n de la Ruta del Lech\u00f3n.<\/span><\/p>\n<\/p>\n<p><span class=\"text1noticias\">En el acto se hizo un reconocimiento a las personas m\u00e1s destacadas del sector, recayendo la elecci\u00f3n sobre Pablo J\u00e1quez y la se\u00f1ora Fortuna Medina.<\/span><\/p>\n<\/p>\n<p><span class=\"text1noticias\">En el acto estuvieron presentes adem\u00e1s la licenciada Taire Mej\u00eda, Fabiolina Taveras.(HG)<\/span>.<\/p>\n<h6> 2014-12-24 11:30:31 <\/h6>\n<p><!--\n<link rel=\"stylesheet\" href=\"css\/bootstrap.min.css\">\n\n\n<ul class=\"pagination\">\n\t    \n\t\n\n<li >\n\t<a href='?page_no=15781'>Previous<\/a>\n\t<\/li>\n\n\n       \n    \n\n<li><a href='?page_no=1'>1<\/a><\/li>\n\n\n\n<li><a href='?page_no=2'>2<\/a><\/li>\n\n\n\n<li><a>...<\/a><\/li>\n\n\n\n<li><a href='?page_no=15780'>15780<\/a><\/li>\n\n\n\n<li><a href='?page_no=15781'>15781<\/a><\/li>\n\n\n\n<li class='active'><a>15782<\/a><\/li>\n\n\n\n<li><a href='?page_no=15783'>15783<\/a><\/li>\n\n\n\n<li><a href='?page_no=15784'>15784<\/a><\/li>\n\n\n\n<li><a>...<\/a><\/li>\n\n\n\n<li><a href='?page_no=36618'>36618<\/a><\/li>\n\n\n\n<li><a href='?page_no=36619'>36619<\/a><\/li>\n\n    \n\t\n\n<li >\n\t<a href='?page_no=15783'>Next<\/a>\n\t<\/li>\n\n\n    \n\n<li><a href='?page_no=36619'>Last &rsaquo;&rsaquo;<\/a><\/li>\n\n<\/ul>\n\n\n--><br \/>\n<\/body><\/p>\n","protected":false},"excerpt":{"rendered":"<p>Santo Domingo, RD, 24 de Diciembre.-Los pedalistas Richard de la Mar y Julio Misael Carmona fueron los campeones del tradicional evento \u00abLa Ruta del Lech\u00f3n\u00bb, que se celebr\u00f3 el pasado fin de semana dedicado al doctor F\u00e9lix Antonio Cruz Jimini\u00e1n. El certamen fue organizado por la Junta de Vecinos \u00abLas Flores\u00bb, del sector Brisas del [&hellip;]<\/p>\n","protected":false},"author":3,"featured_media":0,"comment_status":"open","ping_status":"open","sticky":false,"template":"","format":"standard","meta":{"footnotes":""},"categories":[17],"tags":[],"class_list":["post-199261","post","type-post","status-publish","format-standard","hentry","category-deportes"],"_links":{"self":[{"href":"https:\/\/diariodominicano.com\/index.php?rest_route=\/wp\/v2\/posts\/199261","targetHints":{"allow":["GET"]}}],"collection":[{"href":"https:\/\/diariodominicano.com\/index.php?rest_route=\/wp\/v2\/posts"}],"about":[{"href":"https:\/\/diariodominicano.com\/index.php?rest_route=\/wp\/v2\/types\/post"}],"author":[{"embeddable":true,"href":"https:\/\/diariodominicano.com\/index.php?rest_route=\/wp\/v2\/users\/3"}],"replies":[{"embeddable":true,"href":"https:\/\/diariodominicano.com\/index.php?rest_route=%2Fwp%2Fv2%2Fcomments&post=199261"}],"version-history":[{"count":0,"href":"https:\/\/diariodominicano.com\/index.php?rest_route=\/wp\/v2\/posts\/199261\/revisions"}],"wp:attachment":[{"href":"https:\/\/diariodominicano.com\/index.php?rest_route=%2Fwp%2Fv2%2Fmedia&parent=199261"}],"wp:term":[{"taxonomy":"category","embeddable":true,"href":"https:\/\/diariodominicano.com\/index.php?rest_route=%2Fwp%2Fv2%2Fcategories&post=199261"},{"taxonomy":"post_tag","embeddable":true,"href":"https:\/\/diariodominicano.com\/index.php?rest_route=%2Fwp%2Fv2%2Ftags&post=199261"}],"curies":[{"name":"wp","href":"https:\/\/api.w.org\/{rel}","templated":true}]}}