{"id":199229,"date":"2014-12-29T08:10:43","date_gmt":"2014-12-29T08:10:43","guid":{"rendered":"http:\/\/diariodominicano.ddns.net\/?p=199229"},"modified":"2014-12-29T08:10:43","modified_gmt":"2014-12-29T08:10:43","slug":"equipo-de-miguel-cotto-desmiente-pacto-para-pelea-con-canelo-alvarez","status":"publish","type":"post","link":"https:\/\/diariodominicano.com\/?p=199229","title":{"rendered":"Equipo de Miguel Cotto desmiente pacto para pelea con \u00abCanelo\u00bb Alvarez"},"content":{"rendered":"<p><body><\/p>\n<p><img decoding=\"async\" src=\"img3\/coto 29.jpeg\" \/>  <\/p>\n<p>San Juan, Puerto Rico 29 diciembre.- La representaci\u00f3n del campe\u00f3n peso mediano Miguel \u00c1ngel Cotto dijo el domingo que \u00abno es cierto\u00bb que la pelea entre el boricua y el mexicano Sa\u00fal \u00bfCanelo? \u00c1lvarez haya sido pactada tal y como lo indica nuevamente el promotor Oscar de la Hoya en uno de sus mensajes el pasado s\u00e1bado a trav\u00e9s de su cuenta en la red social Twitter.<\/p>\n<\/p>\n<p>Se trata adem\u00e1s de la segunda vez que el grupo de Cotto, encabezado por el abogado Gabriel Pe\u00f1agar\u00edcano desmiente unas declaraciones realizadas por el ?Golden Boy? acerca del proyectado choque que podr\u00eda cobrar vida el 2 de mayo.<\/p>\n<\/p>\n<p>Pe\u00f1agar\u00edcano dijo adem\u00e1s que las conversaciones contin\u00faan estancadas en un 50 por ciento debido a que a\u00fan no existe lo m\u00e1s importante: un acuerdo econ\u00f3mico.<\/p>\n<\/p>\n<p>Esto parece poner en peligro el proyectado choque al punto que seg\u00fan Pe\u00f1agar\u00edcano, de no producirse un anuncio en los pr\u00f3ximos d\u00edas, se har\u00e1 la primera semana de enero de 2015 para revelar de una vez y por todas si habr\u00e1 o no habr\u00e1 combate.<\/p>\n<\/p>\n<p>\u00abNo es cierto que est\u00e9 pactada\u00bb, dijo Pe\u00f1agar\u00edcano. \u00abNo est\u00e1 pactada. Yo creo que hay mucho inter\u00e9s en la pelea y Oscar que es amigo m\u00edo personal por much\u00edsimos a\u00f1os pues a lo mejor est\u00e1 enviando algunos mensajitos. Pero no, la pelea no est\u00e1 acordada. S\u00ed la estamos discutiendo y la estamos trabajando. Pero no bajo ninguna consideraci\u00f3n est\u00e1 acordada y much\u00edsimo menos firmada. Ni siquiera hay borradores\u00bb, expres\u00f3.<\/p>\n<\/p>\n<p>\u00ab(Las negociaciones) Yo las catalogar\u00eda por ah\u00ed en un 50 por ciento, y digo en un 50 por ciento, porque obviamente, uno de los aspectos m\u00e1s importantes de cualquier pelea, ya a \u00e9ste nivel alto del boxeo, -tiene much\u00edsimos componentes- pero uno de los m\u00e1s importantes que es el financiero y el econ\u00f3mico.<\/p>\n<h6> 2014-12-29 08:10:43 <\/h6>\n<p><!--\n<link rel=\"stylesheet\" href=\"css\/bootstrap.min.css\">\n\n\n<ul class=\"pagination\">\n\t    \n\t\n\n<li >\n\t<a href='?page_no=15752'>Previous<\/a>\n\t<\/li>\n\n\n       \n    \n\n<li><a href='?page_no=1'>1<\/a><\/li>\n\n\n\n<li><a href='?page_no=2'>2<\/a><\/li>\n\n\n\n<li><a>...<\/a><\/li>\n\n\n\n<li><a href='?page_no=15751'>15751<\/a><\/li>\n\n\n\n<li><a href='?page_no=15752'>15752<\/a><\/li>\n\n\n\n<li class='active'><a>15753<\/a><\/li>\n\n\n\n<li><a href='?page_no=15754'>15754<\/a><\/li>\n\n\n\n<li><a href='?page_no=15755'>15755<\/a><\/li>\n\n\n\n<li><a>...<\/a><\/li>\n\n\n\n<li><a href='?page_no=36618'>36618<\/a><\/li>\n\n\n\n<li><a href='?page_no=36619'>36619<\/a><\/li>\n\n    \n\t\n\n<li >\n\t<a href='?page_no=15754'>Next<\/a>\n\t<\/li>\n\n\n    \n\n<li><a href='?page_no=36619'>Last &rsaquo;&rsaquo;<\/a><\/li>\n\n<\/ul>\n\n\n--><br \/>\n<\/body><\/p>\n","protected":false},"excerpt":{"rendered":"<p>San Juan, Puerto Rico 29 diciembre.- La representaci\u00f3n del campe\u00f3n peso mediano Miguel \u00c1ngel Cotto dijo el domingo que \u00abno es cierto\u00bb que la pelea entre el boricua y el mexicano Sa\u00fal \u00bfCanelo? \u00c1lvarez haya sido pactada tal y como lo indica nuevamente el promotor Oscar de la Hoya en uno de sus mensajes el [&hellip;]<\/p>\n","protected":false},"author":3,"featured_media":0,"comment_status":"open","ping_status":"open","sticky":false,"template":"","format":"standard","meta":{"footnotes":""},"categories":[17],"tags":[],"class_list":["post-199229","post","type-post","status-publish","format-standard","hentry","category-deportes"],"_links":{"self":[{"href":"https:\/\/diariodominicano.com\/index.php?rest_route=\/wp\/v2\/posts\/199229","targetHints":{"allow":["GET"]}}],"collection":[{"href":"https:\/\/diariodominicano.com\/index.php?rest_route=\/wp\/v2\/posts"}],"about":[{"href":"https:\/\/diariodominicano.com\/index.php?rest_route=\/wp\/v2\/types\/post"}],"author":[{"embeddable":true,"href":"https:\/\/diariodominicano.com\/index.php?rest_route=\/wp\/v2\/users\/3"}],"replies":[{"embeddable":true,"href":"https:\/\/diariodominicano.com\/index.php?rest_route=%2Fwp%2Fv2%2Fcomments&post=199229"}],"version-history":[{"count":0,"href":"https:\/\/diariodominicano.com\/index.php?rest_route=\/wp\/v2\/posts\/199229\/revisions"}],"wp:attachment":[{"href":"https:\/\/diariodominicano.com\/index.php?rest_route=%2Fwp%2Fv2%2Fmedia&parent=199229"}],"wp:term":[{"taxonomy":"category","embeddable":true,"href":"https:\/\/diariodominicano.com\/index.php?rest_route=%2Fwp%2Fv2%2Fcategories&post=199229"},{"taxonomy":"post_tag","embeddable":true,"href":"https:\/\/diariodominicano.com\/index.php?rest_route=%2Fwp%2Fv2%2Ftags&post=199229"}],"curies":[{"name":"wp","href":"https:\/\/api.w.org\/{rel}","templated":true}]}}