{"id":199228,"date":"2014-12-29T08:15:22","date_gmt":"2014-12-29T08:15:22","guid":{"rendered":"http:\/\/diariodominicano.ddns.net\/?p=199228"},"modified":"2014-12-29T08:15:22","modified_gmt":"2014-12-29T08:15:22","slug":"se-cierran-posibilidades-de-rafael-furcal-regresar-a-las-grandes-ligas","status":"publish","type":"post","link":"https:\/\/diariodominicano.com\/?p=199228","title":{"rendered":"Se cierran posibilidades de Rafael Furcal regresar a las Grandes Ligas"},"content":{"rendered":"<p><body><\/p>\n<p><img decoding=\"async\" src=\"img3\/furcal 29.jpeg\" \/>  <\/p>\n<p>Nueva York 29 diciembre.- Las posibilidades de que el dominicano Rafael Furcal pueda continuar su carrera de la Liga Mayor ha sufrido grandes inconvenientes, luego que el campocorto sufriera una rotura fibrilar y se perder\u00e1 los playoffs en la Liga Invernal Dominicana, seg\u00fan lo revela un informe de ESPN Deportes.<\/p>\n<\/p>\n<p>Hab\u00eda habido un inter\u00e9s m\u00ednimo en Furcal de los clubes de Grandes Ligas en esta temporada baja.<\/p>\n<\/p>\n<p>Los Filis mostraron alg\u00fan inter\u00e9s despu\u00e9s de negociar Jimmy Rollins, seg\u00fan Jerry Crasnick de ESPN y MLB los rumores especularon los Reales podr\u00eda ser un ajuste potencial.<\/p>\n<\/p>\n<p>Furcal, de 37 a\u00f1os se limit\u00f3 a nueve partidos con los Marlins en 2014 debido a un tir\u00f3n en el muslo. Se perdi\u00f3 toda la temporada 2013 mientras se recuperaba de una cirug\u00eda Tommy John. Su \u00faltima temporada completa fue ?12, cuando era un All-Star con los Cardenales y jug\u00f3 121 juegos<\/p>\n<h6> 2014-12-29 08:15:22 <\/h6>\n<p><!--\n<link rel=\"stylesheet\" href=\"css\/bootstrap.min.css\">\n\n\n<ul class=\"pagination\">\n\t    \n\t\n\n<li >\n\t<a href='?page_no=15751'>Previous<\/a>\n\t<\/li>\n\n\n       \n    \n\n<li><a href='?page_no=1'>1<\/a><\/li>\n\n\n\n<li><a href='?page_no=2'>2<\/a><\/li>\n\n\n\n<li><a>...<\/a><\/li>\n\n\n\n<li><a href='?page_no=15750'>15750<\/a><\/li>\n\n\n\n<li><a href='?page_no=15751'>15751<\/a><\/li>\n\n\n\n<li class='active'><a>15752<\/a><\/li>\n\n\n\n<li><a href='?page_no=15753'>15753<\/a><\/li>\n\n\n\n<li><a href='?page_no=15754'>15754<\/a><\/li>\n\n\n\n<li><a>...<\/a><\/li>\n\n\n\n<li><a href='?page_no=36618'>36618<\/a><\/li>\n\n\n\n<li><a href='?page_no=36619'>36619<\/a><\/li>\n\n    \n\t\n\n<li >\n\t<a href='?page_no=15753'>Next<\/a>\n\t<\/li>\n\n\n    \n\n<li><a href='?page_no=36619'>Last &rsaquo;&rsaquo;<\/a><\/li>\n\n<\/ul>\n\n\n--><br \/>\n<\/body><\/p>\n","protected":false},"excerpt":{"rendered":"<p>Nueva York 29 diciembre.- Las posibilidades de que el dominicano Rafael Furcal pueda continuar su carrera de la Liga Mayor ha sufrido grandes inconvenientes, luego que el campocorto sufriera una rotura fibrilar y se perder\u00e1 los playoffs en la Liga Invernal Dominicana, seg\u00fan lo revela un informe de ESPN Deportes. Hab\u00eda habido un inter\u00e9s m\u00ednimo [&hellip;]<\/p>\n","protected":false},"author":3,"featured_media":0,"comment_status":"open","ping_status":"open","sticky":false,"template":"","format":"standard","meta":{"footnotes":""},"categories":[17],"tags":[],"class_list":["post-199228","post","type-post","status-publish","format-standard","hentry","category-deportes"],"_links":{"self":[{"href":"https:\/\/diariodominicano.com\/index.php?rest_route=\/wp\/v2\/posts\/199228","targetHints":{"allow":["GET"]}}],"collection":[{"href":"https:\/\/diariodominicano.com\/index.php?rest_route=\/wp\/v2\/posts"}],"about":[{"href":"https:\/\/diariodominicano.com\/index.php?rest_route=\/wp\/v2\/types\/post"}],"author":[{"embeddable":true,"href":"https:\/\/diariodominicano.com\/index.php?rest_route=\/wp\/v2\/users\/3"}],"replies":[{"embeddable":true,"href":"https:\/\/diariodominicano.com\/index.php?rest_route=%2Fwp%2Fv2%2Fcomments&post=199228"}],"version-history":[{"count":0,"href":"https:\/\/diariodominicano.com\/index.php?rest_route=\/wp\/v2\/posts\/199228\/revisions"}],"wp:attachment":[{"href":"https:\/\/diariodominicano.com\/index.php?rest_route=%2Fwp%2Fv2%2Fmedia&parent=199228"}],"wp:term":[{"taxonomy":"category","embeddable":true,"href":"https:\/\/diariodominicano.com\/index.php?rest_route=%2Fwp%2Fv2%2Fcategories&post=199228"},{"taxonomy":"post_tag","embeddable":true,"href":"https:\/\/diariodominicano.com\/index.php?rest_route=%2Fwp%2Fv2%2Ftags&post=199228"}],"curies":[{"name":"wp","href":"https:\/\/api.w.org\/{rel}","templated":true}]}}