{"id":199221,"date":"2014-12-29T17:00:12","date_gmt":"2014-12-29T17:00:12","guid":{"rendered":"http:\/\/diariodominicano.ddns.net\/?p=199221"},"modified":"2014-12-29T17:00:12","modified_gmt":"2014-12-29T17:00:12","slug":"wandy-rodriguez-tendria-pacto-de-liga-menor-con-filis","status":"publish","type":"post","link":"https:\/\/diariodominicano.com\/?p=199221","title":{"rendered":"Wandy Rodr\u00edguez tendr\u00eda pacto de liga menor con Filis"},"content":{"rendered":"<p><body><\/p>\n<p><img decoding=\"async\" src=\"img3\/wandy.jpg\" \/>  <\/p>\n<p><span class=\"text1noticias\">EE.UU., 29 de Diciembre.-Los Filis y el lanzador dominicano Wandy Rodr\u00edguez han llegado a un acuerdo de Ligas Menores. El pacto se concretar\u00eda tras una prueba f\u00edsica.<\/span><\/p>\n<p><span class=\"text1noticias\"> <\/span><\/p>\n<p><span class=\"text1noticias\">Rodr\u00edguez, de 35 a\u00f1os de edad, ha lidiado con lesiones en las \u00faltimas dos temporadas, ambas con los Piratas. En el 2014 hizo apenas seis aperturas debido a una dolencia en una pierna, y en el 2013 hizo solamente 12 presentaciones por una dolencia en un antebrazo.<\/span><\/p>\n<p><span class=\"text1noticias\"> <\/span><\/p>\n<p><span class=\"text1noticias\">El veterano, quien figura como una alternativa para la rotaci\u00f3n de Filadelfia, lleva foja de 91-94 con un promedio de carreras limpias de 4.06 en 10 campa\u00f1as por los Astros y Pirata<\/span>s.<\/p>\n<h6> 2014-12-29 17:00:12 <\/h6>\n<p><!--\n<link rel=\"stylesheet\" href=\"css\/bootstrap.min.css\">\n\n\n<ul class=\"pagination\">\n\t    \n\t\n\n<li >\n\t<a href='?page_no=15745'>Previous<\/a>\n\t<\/li>\n\n\n       \n    \n\n<li><a href='?page_no=1'>1<\/a><\/li>\n\n\n\n<li><a href='?page_no=2'>2<\/a><\/li>\n\n\n\n<li><a>...<\/a><\/li>\n\n\n\n<li><a href='?page_no=15744'>15744<\/a><\/li>\n\n\n\n<li><a href='?page_no=15745'>15745<\/a><\/li>\n\n\n\n<li class='active'><a>15746<\/a><\/li>\n\n\n\n<li><a href='?page_no=15747'>15747<\/a><\/li>\n\n\n\n<li><a href='?page_no=15748'>15748<\/a><\/li>\n\n\n\n<li><a>...<\/a><\/li>\n\n\n\n<li><a href='?page_no=36618'>36618<\/a><\/li>\n\n\n\n<li><a href='?page_no=36619'>36619<\/a><\/li>\n\n    \n\t\n\n<li >\n\t<a href='?page_no=15747'>Next<\/a>\n\t<\/li>\n\n\n    \n\n<li><a href='?page_no=36619'>Last &rsaquo;&rsaquo;<\/a><\/li>\n\n<\/ul>\n\n\n--><br \/>\n<\/body><\/p>\n","protected":false},"excerpt":{"rendered":"<p>EE.UU., 29 de Diciembre.-Los Filis y el lanzador dominicano Wandy Rodr\u00edguez han llegado a un acuerdo de Ligas Menores. El pacto se concretar\u00eda tras una prueba f\u00edsica. Rodr\u00edguez, de 35 a\u00f1os de edad, ha lidiado con lesiones en las \u00faltimas dos temporadas, ambas con los Piratas. En el 2014 hizo apenas seis aperturas debido a [&hellip;]<\/p>\n","protected":false},"author":3,"featured_media":0,"comment_status":"open","ping_status":"open","sticky":false,"template":"","format":"standard","meta":{"footnotes":""},"categories":[17],"tags":[],"class_list":["post-199221","post","type-post","status-publish","format-standard","hentry","category-deportes"],"_links":{"self":[{"href":"https:\/\/diariodominicano.com\/index.php?rest_route=\/wp\/v2\/posts\/199221","targetHints":{"allow":["GET"]}}],"collection":[{"href":"https:\/\/diariodominicano.com\/index.php?rest_route=\/wp\/v2\/posts"}],"about":[{"href":"https:\/\/diariodominicano.com\/index.php?rest_route=\/wp\/v2\/types\/post"}],"author":[{"embeddable":true,"href":"https:\/\/diariodominicano.com\/index.php?rest_route=\/wp\/v2\/users\/3"}],"replies":[{"embeddable":true,"href":"https:\/\/diariodominicano.com\/index.php?rest_route=%2Fwp%2Fv2%2Fcomments&post=199221"}],"version-history":[{"count":0,"href":"https:\/\/diariodominicano.com\/index.php?rest_route=\/wp\/v2\/posts\/199221\/revisions"}],"wp:attachment":[{"href":"https:\/\/diariodominicano.com\/index.php?rest_route=%2Fwp%2Fv2%2Fmedia&parent=199221"}],"wp:term":[{"taxonomy":"category","embeddable":true,"href":"https:\/\/diariodominicano.com\/index.php?rest_route=%2Fwp%2Fv2%2Fcategories&post=199221"},{"taxonomy":"post_tag","embeddable":true,"href":"https:\/\/diariodominicano.com\/index.php?rest_route=%2Fwp%2Fv2%2Ftags&post=199221"}],"curies":[{"name":"wp","href":"https:\/\/api.w.org\/{rel}","templated":true}]}}