{"id":199217,"date":"2014-12-30T08:23:02","date_gmt":"2014-12-30T08:23:02","guid":{"rendered":"http:\/\/diariodominicano.ddns.net\/?p=199217"},"modified":"2014-12-30T08:23:02","modified_gmt":"2014-12-30T08:23:02","slug":"edison-volquez-a-los-reales-de-kansas-por-dos-anos-y-17-millones-de-dolares","status":"publish","type":"post","link":"https:\/\/diariodominicano.com\/?p=199217","title":{"rendered":"Edison V\u00f3lquez a los Reales de Kansas por dos a\u00f1os y 17 millones de d\u00f3lares"},"content":{"rendered":"<p><body><\/p>\n<p><img decoding=\"async\" src=\"img3\/nuevo 30.jpeg\" \/><br \/><img decoding=\"async\" src=\"img3\/edi 2.jpg\" \/><br \/><img decoding=\"async\" src=\"img3\/edi 3.jpg\" \/>  <\/p>\n<p>Kansas City 30 diciembre.- Los Reales anunciaron oficialmente el contrato de dos a\u00f1os y US$20 millones, con una opci\u00f3n para el 2017, del lanzador dominicano Edinson V\u00f3lquez. Bajo el acuerdo, V\u00f3lquez ganar\u00e1 US$7.5 millones en el 2015 y US$9.5 millones en el 2016. Su opci\u00f3n ser\u00eda de US$10 millones con US$3 millones de indemnizaci\u00f3n.<\/p>\n<\/p>\n<p>V\u00f3lquez llena la gran vacante que dej\u00f3 James Shields en la rotaci\u00f3n. Shields se convirti\u00f3 en agente libre y es poco probable que Kansas City le otorgue un nuevo contrato.<\/p>\n<\/p>\n<p>Los campeones de la Liga Americana ya han firmado al bateador designado cubano Kendrys Morales y al jardinero puertorrique\u00f1o Alexis R\u00edos para llenar dos de sus huecos en el roster. Tambi\u00e9n agregaron al serpentinero Kris Medlen, quien se est\u00e1 recuperando de una operaci\u00f3n Tommy John y podr\u00eda lanzar a mediados de la temporada del 2015.<\/p>\n<\/p>\n<h6> 2014-12-30 08:23:02 <\/h6>\n<p><!--\n<link rel=\"stylesheet\" href=\"css\/bootstrap.min.css\">\n\n\n<ul class=\"pagination\">\n\t    \n\t\n\n<li >\n\t<a href='?page_no=15741'>Previous<\/a>\n\t<\/li>\n\n\n       \n    \n\n<li><a href='?page_no=1'>1<\/a><\/li>\n\n\n\n<li><a href='?page_no=2'>2<\/a><\/li>\n\n\n\n<li><a>...<\/a><\/li>\n\n\n\n<li><a href='?page_no=15740'>15740<\/a><\/li>\n\n\n\n<li><a href='?page_no=15741'>15741<\/a><\/li>\n\n\n\n<li class='active'><a>15742<\/a><\/li>\n\n\n\n<li><a href='?page_no=15743'>15743<\/a><\/li>\n\n\n\n<li><a href='?page_no=15744'>15744<\/a><\/li>\n\n\n\n<li><a>...<\/a><\/li>\n\n\n\n<li><a href='?page_no=36618'>36618<\/a><\/li>\n\n\n\n<li><a href='?page_no=36619'>36619<\/a><\/li>\n\n    \n\t\n\n<li >\n\t<a href='?page_no=15743'>Next<\/a>\n\t<\/li>\n\n\n    \n\n<li><a href='?page_no=36619'>Last &rsaquo;&rsaquo;<\/a><\/li>\n\n<\/ul>\n\n\n--><br \/>\n<\/body><\/p>\n","protected":false},"excerpt":{"rendered":"<p>Kansas City 30 diciembre.- Los Reales anunciaron oficialmente el contrato de dos a\u00f1os y US$20 millones, con una opci\u00f3n para el 2017, del lanzador dominicano Edinson V\u00f3lquez. Bajo el acuerdo, V\u00f3lquez ganar\u00e1 US$7.5 millones en el 2015 y US$9.5 millones en el 2016. Su opci\u00f3n ser\u00eda de US$10 millones con US$3 millones de indemnizaci\u00f3n. V\u00f3lquez [&hellip;]<\/p>\n","protected":false},"author":3,"featured_media":0,"comment_status":"open","ping_status":"open","sticky":false,"template":"","format":"standard","meta":{"footnotes":""},"categories":[17],"tags":[],"class_list":["post-199217","post","type-post","status-publish","format-standard","hentry","category-deportes"],"_links":{"self":[{"href":"https:\/\/diariodominicano.com\/index.php?rest_route=\/wp\/v2\/posts\/199217","targetHints":{"allow":["GET"]}}],"collection":[{"href":"https:\/\/diariodominicano.com\/index.php?rest_route=\/wp\/v2\/posts"}],"about":[{"href":"https:\/\/diariodominicano.com\/index.php?rest_route=\/wp\/v2\/types\/post"}],"author":[{"embeddable":true,"href":"https:\/\/diariodominicano.com\/index.php?rest_route=\/wp\/v2\/users\/3"}],"replies":[{"embeddable":true,"href":"https:\/\/diariodominicano.com\/index.php?rest_route=%2Fwp%2Fv2%2Fcomments&post=199217"}],"version-history":[{"count":0,"href":"https:\/\/diariodominicano.com\/index.php?rest_route=\/wp\/v2\/posts\/199217\/revisions"}],"wp:attachment":[{"href":"https:\/\/diariodominicano.com\/index.php?rest_route=%2Fwp%2Fv2%2Fmedia&parent=199217"}],"wp:term":[{"taxonomy":"category","embeddable":true,"href":"https:\/\/diariodominicano.com\/index.php?rest_route=%2Fwp%2Fv2%2Fcategories&post=199217"},{"taxonomy":"post_tag","embeddable":true,"href":"https:\/\/diariodominicano.com\/index.php?rest_route=%2Fwp%2Fv2%2Ftags&post=199217"}],"curies":[{"name":"wp","href":"https:\/\/api.w.org\/{rel}","templated":true}]}}