{"id":199212,"date":"2014-12-30T15:18:07","date_gmt":"2014-12-30T15:18:07","guid":{"rendered":"http:\/\/diariodominicano.ddns.net\/?p=199212"},"modified":"2014-12-30T15:18:07","modified_gmt":"2014-12-30T15:18:07","slug":"nueva-directiva-asume-reconocido-club-deportivo-dominicano-en-ny","status":"publish","type":"post","link":"https:\/\/diariodominicano.com\/?p=199212","title":{"rendered":"Nueva directiva asume reconocido Club Deportivo Dominicano en NY"},"content":{"rendered":"<p><body><\/p>\n<p><img decoding=\"async\" src=\"img3\/DEPORTIVO.jpg\" \/>  <\/p>\n<p><span class=\"text1noticias\">Por Ram\u00f3n Mercedes<\/span><\/p>\n<p><span class=\"text1noticias\"> <\/span><\/p>\n<p><span class=\"text1noticias\">Nueva York, EE.UU., 30 de Diciembre.- Con un minuto de silencio en honor a los polic\u00edas Rafael Ramos y Wenjian Liu, asesinados en Brooklyn cuando cumpl\u00edan con su deber, y ante la presencia de veintenas de socios e invitados especiales, se inici\u00f3 la tradicional ceremonia donde una nueva directiva, para el per\u00edodo diciembre 2014-2015, asumi\u00f3 la direcci\u00f3n del famoso Centro Cultural Deportivo Dominicano, o mejor conocido como \u00abClub Deportivo Dominicano\u00bb, ubicado en el 2088 de la avenida \u00c1msterdam, con la calle 163, en el sector de Washington Heights.<\/span><\/p>\n<p><span class=\"text1noticias\"> <\/span><\/p>\n<p><span class=\"text1noticias\">La nueva directiva estar\u00e1 compuesta por Tonny Pimentel, presidente; Cecilio Mu\u00f1oz, vicepresidente; Mario Caro, secretario general; Jos\u00e9 Mendoza (Chech\u00e9), Tesorero; Francisco Vicioso Sensor, gobernador; Joel Castillo, secretario de relaciones p\u00fablicas; Danny Leerdam, secretario acta y correspondencia; Lu\u00eds Mej\u00eda, director de deportes; Cristina Rodr\u00edguez, secretaria asuntos femenino; Sonia Ram\u00edrez, secretaria de arte y cultura; Jos\u00e9 B\u00e1ez, primer vocal; y Santiago Cruz, segundo vocal.<\/span><\/p>\n<p><span class=\"text1noticias\"> <\/span><\/p>\n<p><span class=\"text1noticias\">El director del influyente peri\u00f3dico impreso de circulaci\u00f3n comunitaria \u00abEl Taxista News\u00bb, Jos\u00e9 Rodr\u00edguez, tom\u00f3 el juramento de rigor a los nuevos directivos, quien manifest\u00f3 \u00abquiero aprovechar la oportunidad para felicitar a Tonny Acevedo, por su trabajo de un a\u00f1os al frente del Centro, creo que cumpli\u00f3 a la cabalidad los objetivos que se traz\u00f3 y entiendo que esta nueva directiva tiene el \u00e9xito garantizado con el nuevo presidente, los hombres y mujeres que lo acompa\u00f1an por su experiencia de trabajo con la sociedad\u00bb.<\/span><\/p>\n<p><span class=\"text1noticias\"> <\/span><\/p>\n<p><span class=\"text1noticias\">El respetado ejecutivo period\u00edstico los exhort\u00f3 a redoblar los trabajos para fortalecer la instituci\u00f3n e impulsar su crecimiento, para lo cual dijo que hay una oportunidad excelente, debido a que el centro es ahora \u00abuna organizaci\u00f3n en orden, y una casa abierta\u00bb.<\/span><\/p>\n<p><span class=\"text1noticias\"> <\/span><\/p>\n<p><span class=\"text1noticias\">En sus primeras palabras como presidente del club, Pimentel agradeci\u00f3 a Dios y a todos los socios que depositaron su voto y confianza en su persona para ser elegido y poder servir a los dem\u00e1s desde la organizaci\u00f3n.<\/span><\/p>\n<p><span class=\"text1noticias\"> <\/span><\/p>\n<p><span class=\"text1noticias\">Enfatiz\u00f3 que \u00abha llegado la hora de la reconciliaci\u00f3n y arduo trabajo, esperando la ayuda y cooperaci\u00f3n de todos ustedes, porque dentro de mis principales objetivos en este a\u00f1o como presidente nos proponemos trabajar arduamente en el ornato y remozamiento de nuestro local, adem\u00e1s dar gracias a los representantes de las organizaciones comunitarias, deportivas y culturales que siempre han dicho presente en la entidad\u00bb.<\/span><\/p>\n<p><span class=\"text1noticias\"> <\/span><\/p>\n<p><span class=\"text1noticias\">Luego tom\u00f3 la palabra el presidente saliente, Tonny Acevedo, quien agradeci\u00f3 a todos aquellos socios que lo acompa\u00f1aron durante su gesti\u00f3n y tambi\u00e9n solicit\u00f3 trabajar por el bien del Centro.<\/span><\/p>\n<p><span class=\"text1noticias\"> <\/span><\/p>\n<p><span class=\"text1noticias\">La actividad fue aprovechada, entre los socios y sus familiares, para celebrar el cuadrag\u00e9simo octavo aniversario, con la fiesta navide\u00f1a que incluy\u00f3 un brindis, adem\u00e1s de m\u00fasica variada de la \u00e9poca y tremendo baile<\/span>.<\/p>\n<h6> 2014-12-30 15:18:07 <\/h6>\n<p><!--\n<link rel=\"stylesheet\" href=\"css\/bootstrap.min.css\">\n\n\n<ul class=\"pagination\">\n\t    \n\t\n\n<li >\n\t<a href='?page_no=15737'>Previous<\/a>\n\t<\/li>\n\n\n       \n    \n\n<li><a href='?page_no=1'>1<\/a><\/li>\n\n\n\n<li><a href='?page_no=2'>2<\/a><\/li>\n\n\n\n<li><a>...<\/a><\/li>\n\n\n\n<li><a href='?page_no=15736'>15736<\/a><\/li>\n\n\n\n<li><a href='?page_no=15737'>15737<\/a><\/li>\n\n\n\n<li class='active'><a>15738<\/a><\/li>\n\n\n\n<li><a href='?page_no=15739'>15739<\/a><\/li>\n\n\n\n<li><a href='?page_no=15740'>15740<\/a><\/li>\n\n\n\n<li><a>...<\/a><\/li>\n\n\n\n<li><a href='?page_no=36618'>36618<\/a><\/li>\n\n\n\n<li><a href='?page_no=36619'>36619<\/a><\/li>\n\n    \n\t\n\n<li >\n\t<a href='?page_no=15739'>Next<\/a>\n\t<\/li>\n\n\n    \n\n<li><a href='?page_no=36619'>Last &rsaquo;&rsaquo;<\/a><\/li>\n\n<\/ul>\n\n\n--><br \/>\n<\/body><\/p>\n","protected":false},"excerpt":{"rendered":"<p>Por Ram\u00f3n Mercedes Nueva York, EE.UU., 30 de Diciembre.- Con un minuto de silencio en honor a los polic\u00edas Rafael Ramos y Wenjian Liu, asesinados en Brooklyn cuando cumpl\u00edan con su deber, y ante la presencia de veintenas de socios e invitados especiales, se inici\u00f3 la tradicional ceremonia donde una nueva directiva, para el per\u00edodo [&hellip;]<\/p>\n","protected":false},"author":3,"featured_media":0,"comment_status":"open","ping_status":"open","sticky":false,"template":"","format":"standard","meta":{"footnotes":""},"categories":[17],"tags":[],"class_list":["post-199212","post","type-post","status-publish","format-standard","hentry","category-deportes"],"_links":{"self":[{"href":"https:\/\/diariodominicano.com\/index.php?rest_route=\/wp\/v2\/posts\/199212","targetHints":{"allow":["GET"]}}],"collection":[{"href":"https:\/\/diariodominicano.com\/index.php?rest_route=\/wp\/v2\/posts"}],"about":[{"href":"https:\/\/diariodominicano.com\/index.php?rest_route=\/wp\/v2\/types\/post"}],"author":[{"embeddable":true,"href":"https:\/\/diariodominicano.com\/index.php?rest_route=\/wp\/v2\/users\/3"}],"replies":[{"embeddable":true,"href":"https:\/\/diariodominicano.com\/index.php?rest_route=%2Fwp%2Fv2%2Fcomments&post=199212"}],"version-history":[{"count":0,"href":"https:\/\/diariodominicano.com\/index.php?rest_route=\/wp\/v2\/posts\/199212\/revisions"}],"wp:attachment":[{"href":"https:\/\/diariodominicano.com\/index.php?rest_route=%2Fwp%2Fv2%2Fmedia&parent=199212"}],"wp:term":[{"taxonomy":"category","embeddable":true,"href":"https:\/\/diariodominicano.com\/index.php?rest_route=%2Fwp%2Fv2%2Fcategories&post=199212"},{"taxonomy":"post_tag","embeddable":true,"href":"https:\/\/diariodominicano.com\/index.php?rest_route=%2Fwp%2Fv2%2Ftags&post=199212"}],"curies":[{"name":"wp","href":"https:\/\/api.w.org\/{rel}","templated":true}]}}