{"id":199201,"date":"2015-01-01T09:56:18","date_gmt":"2015-01-01T09:56:18","guid":{"rendered":"http:\/\/diariodominicano.ddns.net\/?p=199201"},"modified":"2015-01-01T09:56:18","modified_gmt":"2015-01-01T09:56:18","slug":"manny-pacquiao-insiste-en-pelear-con-floyd-mayweather-jr","status":"publish","type":"post","link":"https:\/\/diariodominicano.com\/?p=199201","title":{"rendered":"Manny Pacquiao insiste en pelear con Floyd Mayweather Jr."},"content":{"rendered":"<p><body><\/p>\n<p><img decoding=\"async\" src=\"img3\/manny 1.jpg\" \/><br \/><img decoding=\"async\" src=\"img3\/floyd 1.jpg\" \/>  <\/p>\n<p>Las Vegas, Nevada 1 enero.- Mientras el 2014 llegaba a su fin el mi\u00e9rcoles, Manny Pacquiao continu\u00f3 persiguiendo p\u00fablicamente la pelea que \u00e9l y la mayor parte del mundo de los deportes quiere &#8212; un enfrentamiento con el campe\u00f3n peso welter y rey del libra-por-libra Floyd Mayweather Jr.<\/p>\n<\/p>\n<p>Pacquiao (57-5-2, 38 KO), quien cumpli\u00f3 36 a\u00f1os el 17 de diciembre, ha sido m\u00e1s vocal en los \u00faltimos meses acerca de su deseo de hacer lo que ser\u00eda f\u00e1cilmente la pelea m\u00e1s lucrativa en la historia del boxeo y el mi\u00e9rcoles emplaz\u00f3 a Mayweather v\u00eda Twitter una vez m\u00e1s, diciendo que era el momento para que los dos grandes de todos los tiempos, en la etapa final de su carrera, se reuniesen y hacer la pelea.<\/p>\n<\/p>\n<p>\u00abLa bola caer\u00e1 a medianoche para marcar el comienzo de 2015,\u00bb tuite\u00f3 Pacquiao. \u00abFloydMayweather No vamos a dejar caer la bola en la pelea el uno al contra el otro el a\u00f1o que viene! #LetsMakeFistory \u00ab.<\/p>\n<\/p>\n<p>Pacquiao habl\u00f3 a menudo de su deseo por hacer la pelea durante el per\u00edodo previo a su demolici\u00f3n el 22 de noviembre de Chris Algieri e incluso hizo un comercial de Foot Locker burl\u00e1ndose del atolladero en que las partes han estado en hacer la pelea desde el a\u00f1o 2009, cuando se discuti\u00f3 por primera vez s\u00f3lo para desmoronarse luego de que todo, menos el protocolo de pruebas de drogas, se hab\u00eda acordado.<\/p>\n<\/p>\n<p>El 16 de diciembre, Pacquiao tambi\u00e9n tuite\u00f3 a Mayweather, \u00abNo seas un farsante de boxeo. Vamos a dar a los fans de la pelea que quieren. Ellos han esperado lo suficiente\u00bb.<\/p>\n<\/p>\n<p>Tras bastidores, ha habido discusiones recientes entre el promotor de Pacquiao, Bob Arum, de Top Rank y Leslie Moonves, el jefe de CBS, que tiene dos peleas restantes en un contrato de seis peleas que CBS y su cadena subsidiaria Showtime firm\u00f3 a Mayweather a principios de 2013.<\/p>\n<\/p>\n<p>Para que esto suceda, CBS\/Showtime, que tiene a Mayweather bajo contrato, y Time Warner\/HBO, que tiene a Pacquiao bajo contrato, probablemente tendr\u00edan que reunirse para una emisi\u00f3n conjunta de pay-per-view. Lo hicieron una vez, en 2002, para otra pelea esperada durante mucho tiempo entre el entonces campe\u00f3n de peso pesado Lennox Lewis, de HBO, y Mike Tyson, de Showtime. Ambos estaban cerca del final de sus carreras y la pelea se realiz\u00f3 y fue la m\u00e1s taquillera de la historia del boxeo en el momento.<\/p>\n<\/p>\n<p>Aun cuando Arum y Moonves lleguen a un acuerdo sobre los par\u00e1metros de un negocio &#8212; y el lado de Pacquiao es claro que est\u00e1 dispuesto a aceptar menos del 50 por ciento del dinero &#8212; Moonves todav\u00eda tiene que convencer a Mayweather (47-0, 26 KO ), que cumplir\u00e1 38 a\u00f1os el 24 de febrero, para hacer un trato.<\/p>\n<\/p>\n<p>Hasta el momento, no parece que haya habido ning\u00fan movimiento serio en el lado de Mayweather aunque Mayweather dijo en una entrevista de Showtime el 12 de diciembre que quer\u00eda la pelea y quer\u00eda que sucediera el 2 de mayo. \u00abEstamos listos. Vamos a hacer que suceda el 2 de mayo&#8230; Mayweather contra Manny Pacquiao. Vamos a hacerlo\u00bb, dijo Mayweather en la entrevista.<\/p>\n<\/p>\n<p>Sin embargo, en la misma entrevista, Mayweather puso otros obst\u00e1culos, incluyendo que la pelea ten\u00eda que ser un PPV de Showtime.<\/p>\n<h6> 2015-01-01 09:56:18 <\/h6>\n<p><!--\n<link rel=\"stylesheet\" href=\"css\/bootstrap.min.css\">\n\n\n<ul class=\"pagination\">\n\t    \n\t\n\n<li >\n\t<a href='?page_no=15727'>Previous<\/a>\n\t<\/li>\n\n\n       \n    \n\n<li><a href='?page_no=1'>1<\/a><\/li>\n\n\n\n<li><a href='?page_no=2'>2<\/a><\/li>\n\n\n\n<li><a>...<\/a><\/li>\n\n\n\n<li><a href='?page_no=15726'>15726<\/a><\/li>\n\n\n\n<li><a href='?page_no=15727'>15727<\/a><\/li>\n\n\n\n<li class='active'><a>15728<\/a><\/li>\n\n\n\n<li><a href='?page_no=15729'>15729<\/a><\/li>\n\n\n\n<li><a href='?page_no=15730'>15730<\/a><\/li>\n\n\n\n<li><a>...<\/a><\/li>\n\n\n\n<li><a href='?page_no=36618'>36618<\/a><\/li>\n\n\n\n<li><a href='?page_no=36619'>36619<\/a><\/li>\n\n    \n\t\n\n<li >\n\t<a href='?page_no=15729'>Next<\/a>\n\t<\/li>\n\n\n    \n\n<li><a href='?page_no=36619'>Last &rsaquo;&rsaquo;<\/a><\/li>\n\n<\/ul>\n\n\n--><br \/>\n<\/body><\/p>\n","protected":false},"excerpt":{"rendered":"<p>Las Vegas, Nevada 1 enero.- Mientras el 2014 llegaba a su fin el mi\u00e9rcoles, Manny Pacquiao continu\u00f3 persiguiendo p\u00fablicamente la pelea que \u00e9l y la mayor parte del mundo de los deportes quiere &#8212; un enfrentamiento con el campe\u00f3n peso welter y rey del libra-por-libra Floyd Mayweather Jr. Pacquiao (57-5-2, 38 KO), quien cumpli\u00f3 36 [&hellip;]<\/p>\n","protected":false},"author":3,"featured_media":0,"comment_status":"open","ping_status":"open","sticky":false,"template":"","format":"standard","meta":{"footnotes":""},"categories":[17],"tags":[],"class_list":["post-199201","post","type-post","status-publish","format-standard","hentry","category-deportes"],"_links":{"self":[{"href":"https:\/\/diariodominicano.com\/index.php?rest_route=\/wp\/v2\/posts\/199201","targetHints":{"allow":["GET"]}}],"collection":[{"href":"https:\/\/diariodominicano.com\/index.php?rest_route=\/wp\/v2\/posts"}],"about":[{"href":"https:\/\/diariodominicano.com\/index.php?rest_route=\/wp\/v2\/types\/post"}],"author":[{"embeddable":true,"href":"https:\/\/diariodominicano.com\/index.php?rest_route=\/wp\/v2\/users\/3"}],"replies":[{"embeddable":true,"href":"https:\/\/diariodominicano.com\/index.php?rest_route=%2Fwp%2Fv2%2Fcomments&post=199201"}],"version-history":[{"count":0,"href":"https:\/\/diariodominicano.com\/index.php?rest_route=\/wp\/v2\/posts\/199201\/revisions"}],"wp:attachment":[{"href":"https:\/\/diariodominicano.com\/index.php?rest_route=%2Fwp%2Fv2%2Fmedia&parent=199201"}],"wp:term":[{"taxonomy":"category","embeddable":true,"href":"https:\/\/diariodominicano.com\/index.php?rest_route=%2Fwp%2Fv2%2Fcategories&post=199201"},{"taxonomy":"post_tag","embeddable":true,"href":"https:\/\/diariodominicano.com\/index.php?rest_route=%2Fwp%2Fv2%2Ftags&post=199201"}],"curies":[{"name":"wp","href":"https:\/\/api.w.org\/{rel}","templated":true}]}}