{"id":199190,"date":"2015-01-02T11:08:16","date_gmt":"2015-01-02T11:08:16","guid":{"rendered":"http:\/\/diariodominicano.ddns.net\/?p=199190"},"modified":"2015-01-02T11:08:16","modified_gmt":"2015-01-02T11:08:16","slug":"lebron-james-estara-inactivo-dos-semanas-por-problemas-en-la-espalda-y-una-rodilla","status":"publish","type":"post","link":"https:\/\/diariodominicano.com\/?p=199190","title":{"rendered":"&#13;LeBron James estar\u00e1 inactivo dos semanas por problemas en la espalda y una rodilla"},"content":{"rendered":"<p><body><\/p>\n<p><img decoding=\"async\" src=\"img3\/james 2.jpg\" \/>  <\/p>\n<p>Cleveland 2 enero.- El alero de los Cavaliers de Cleveland LeBron James estar\u00e1 inactivo las pr\u00f3ximas dos semanas debido a una contractura en la rodilla y un problema en la espalda.<\/p>\n<\/p>\n<p>James fue sometido a terapia y resonancia magn\u00e9tica el mi\u00e9rcoles y se le diagnostic\u00f3 una contractura en la rodilla y la espalda baja. <\/p>\n<\/p>\n<p>Los Cavaliers informaron ayer que ser\u00e1 tratado con \u00abantiinflamatorios, rehabilitaci\u00f3n, terapia de entrenamiento y descanso\u00bb.<\/p>\n<\/p>\n<p>El jugador no particip\u00f3 en los dos primero partidos de Cleveland. Si el c\u00e1lculo de dos semanas sin jugar es correcto se tratar\u00e1 del periodo m\u00e1s largo en que James haya estado inactivo desde que lleg\u00f3 a la NBA. En la temporada 2007-2008 se perdi\u00f3 cinco partidos consecutivos. <\/p>\n<\/p>\n<p>James no particip\u00f3 en los dos juegos anteriores de Cleveland y los Cavaliers tienen racha de tres partidos perdidos en forma consecutiva. <\/p>\n<\/p>\n<h6> 2015-01-02 11:08:16 <\/h6>\n<p><!--\n<link rel=\"stylesheet\" href=\"css\/bootstrap.min.css\">\n\n\n<ul class=\"pagination\">\n\t    \n\t\n\n<li >\n\t<a href='?page_no=15717'>Previous<\/a>\n\t<\/li>\n\n\n       \n    \n\n<li><a href='?page_no=1'>1<\/a><\/li>\n\n\n\n<li><a href='?page_no=2'>2<\/a><\/li>\n\n\n\n<li><a>...<\/a><\/li>\n\n\n\n<li><a href='?page_no=15716'>15716<\/a><\/li>\n\n\n\n<li><a href='?page_no=15717'>15717<\/a><\/li>\n\n\n\n<li class='active'><a>15718<\/a><\/li>\n\n\n\n<li><a href='?page_no=15719'>15719<\/a><\/li>\n\n\n\n<li><a href='?page_no=15720'>15720<\/a><\/li>\n\n\n\n<li><a>...<\/a><\/li>\n\n\n\n<li><a href='?page_no=36618'>36618<\/a><\/li>\n\n\n\n<li><a href='?page_no=36619'>36619<\/a><\/li>\n\n    \n\t\n\n<li >\n\t<a href='?page_no=15719'>Next<\/a>\n\t<\/li>\n\n\n    \n\n<li><a href='?page_no=36619'>Last &rsaquo;&rsaquo;<\/a><\/li>\n\n<\/ul>\n\n\n--><br \/>\n<\/body><\/p>\n","protected":false},"excerpt":{"rendered":"<p>Cleveland 2 enero.- El alero de los Cavaliers de Cleveland LeBron James estar\u00e1 inactivo las pr\u00f3ximas dos semanas debido a una contractura en la rodilla y un problema en la espalda. James fue sometido a terapia y resonancia magn\u00e9tica el mi\u00e9rcoles y se le diagnostic\u00f3 una contractura en la rodilla y la espalda baja. Los [&hellip;]<\/p>\n","protected":false},"author":3,"featured_media":0,"comment_status":"open","ping_status":"open","sticky":false,"template":"","format":"standard","meta":{"footnotes":""},"categories":[17],"tags":[],"class_list":["post-199190","post","type-post","status-publish","format-standard","hentry","category-deportes"],"_links":{"self":[{"href":"https:\/\/diariodominicano.com\/index.php?rest_route=\/wp\/v2\/posts\/199190","targetHints":{"allow":["GET"]}}],"collection":[{"href":"https:\/\/diariodominicano.com\/index.php?rest_route=\/wp\/v2\/posts"}],"about":[{"href":"https:\/\/diariodominicano.com\/index.php?rest_route=\/wp\/v2\/types\/post"}],"author":[{"embeddable":true,"href":"https:\/\/diariodominicano.com\/index.php?rest_route=\/wp\/v2\/users\/3"}],"replies":[{"embeddable":true,"href":"https:\/\/diariodominicano.com\/index.php?rest_route=%2Fwp%2Fv2%2Fcomments&post=199190"}],"version-history":[{"count":0,"href":"https:\/\/diariodominicano.com\/index.php?rest_route=\/wp\/v2\/posts\/199190\/revisions"}],"wp:attachment":[{"href":"https:\/\/diariodominicano.com\/index.php?rest_route=%2Fwp%2Fv2%2Fmedia&parent=199190"}],"wp:term":[{"taxonomy":"category","embeddable":true,"href":"https:\/\/diariodominicano.com\/index.php?rest_route=%2Fwp%2Fv2%2Fcategories&post=199190"},{"taxonomy":"post_tag","embeddable":true,"href":"https:\/\/diariodominicano.com\/index.php?rest_route=%2Fwp%2Fv2%2Ftags&post=199190"}],"curies":[{"name":"wp","href":"https:\/\/api.w.org\/{rel}","templated":true}]}}