{"id":199168,"date":"2015-01-05T09:47:01","date_gmt":"2015-01-05T09:47:01","guid":{"rendered":"http:\/\/diariodominicano.ddns.net\/?p=199168"},"modified":"2015-01-05T09:47:01","modified_gmt":"2015-01-05T09:47:01","slug":"rafael-nadal-es-una-temporada-nueva-un-nuevo-desafio-y-una-nueva-motivacion","status":"publish","type":"post","link":"https:\/\/diariodominicano.com\/?p=199168","title":{"rendered":"Rafael Nadal: \u00abEs una temporada nueva, un nuevo desaf\u00edo y una nueva motivaci\u00f3n\u00bb&#13;"},"content":{"rendered":"<p><body><\/p>\n<p><img decoding=\"async\" src=\"img3\/rafa 5.jpg\" \/>  <\/p>\n<p>Miami, 4 enero .- El espa\u00f1ol Rafael Nadal defiende a partir de este lunes el t\u00edtulo en Doha, donde comienza oficialmente su temporada y donde ha se\u00f1alado este domingo que empieza \u00abun nuevo desaf\u00edo y una nueva motivaci\u00f3n\u00bb.<\/p>\n<\/p>\n<p>\u00abEstoy contento de estar en Doha de nuevo, la temporada acaba de comenzar y para mi es un nuevo desaf\u00edo y una nueva motivaci\u00f3n, ha se\u00f1alado el zurdo de 28 a\u00f1os, que no juega partido alguno oficial desde que cay\u00f3 ante el croata Borna Coris en Basilea en octubre, y que fue operado de apendicitis a primeros de noviembre.<\/p>\n<\/p>\n<p>El n\u00famero tres del mundo afronta la conquista del t\u00edtulo 65 de su carrera despu\u00e9s de participar en la exhibici\u00f3n de Abu Dabi, donde tuvo problemas f\u00edsicos en su primer partido contra Andy Murray, y donde luego se sac\u00f3 la espina al derrotar al suizo Stan Wawrinka, su verdugo en la final del Abierto de Australia de 2014.<\/p>\n<\/p>\n<p>\u00abCuantos m\u00e1s partidos pueda jugar, m\u00e1s me ayudar\u00e1n. Necesito tiempo para mejorar, pero es normal\u00bb, dijo del de Manacor en la conferencia de prensa previa de un torneo en el que se apunt\u00f3 el primero de sus cuatro t\u00edtulos el a\u00f1o pasado al derrotar en la final al franc\u00e9s Gael Monfills, y en el que fue finalista en 2010 ante el ruso Nikolay Davydenko.<\/p>\n<\/p>\n<p>\u00abLos mismos cada a\u00f1o, tratar de ser competitivo en cada torneo en el que voy a jugar. Es normal que necesite algo de tiempo, pero estoy contento. Estoy trabajando y entren\u00e1ndome bien, y trabajando muy duro. Estoy haciendo las cosas correctas con una buena actitud\u00bb, dijo sobre sus objetivos.<\/p>\n<\/p>\n<p>El zurdo espa\u00f1ol comenzar\u00e1 la defensa del t\u00edtulo contra un jugador de la fase previa. \u00abUno nunca sabe en el mundo del deporte. Si soy capaz de jugar un par de encuentros y ganarlos, entonces las sensaciones ser\u00e1n diferentes para mi, y sentir\u00e9 que estoy m\u00e1s preparado para todo, pero este es un torneo muy duro. Con un mont\u00f3n de buenos jugadores en el cuadro\u00bb, coment\u00f3 sobre sus perspectivas.<\/p>\n<\/p>\n<p>Nadal debutar\u00e1 en dobles este lunes con su amigo el argentino Juan Monaco. En este cuadro ha ganado tres veces el t\u00edtulo (2005, 2009 y 2011) y se enfrentar\u00e1n contra el italiano Simone Bolelli y el argentino Leonardo Mayer.<\/p>\n<\/p>\n<p>\u00abEspero estar listo para competir aqu\u00ed y despu\u00e9s, si soy capaz de pasar m\u00e1s tiempo en la pista, cada momento en ella me ayudar\u00e1 y ser\u00e1 positivo para mi futuro. Intentar\u00e9 jugar el torneo de la mejor manera posible\u00bb, coment\u00f3 Nadal. <\/p>\n<\/p>\n<\/p>\n<\/p>\n<h6> 2015-01-05 09:47:01 <\/h6>\n<p><!--\n<link rel=\"stylesheet\" href=\"css\/bootstrap.min.css\">\n\n\n<ul class=\"pagination\">\n\t    \n\t\n\n<li >\n\t<a href='?page_no=15698'>Previous<\/a>\n\t<\/li>\n\n\n       \n    \n\n<li><a href='?page_no=1'>1<\/a><\/li>\n\n\n\n<li><a href='?page_no=2'>2<\/a><\/li>\n\n\n\n<li><a>...<\/a><\/li>\n\n\n\n<li><a href='?page_no=15697'>15697<\/a><\/li>\n\n\n\n<li><a href='?page_no=15698'>15698<\/a><\/li>\n\n\n\n<li class='active'><a>15699<\/a><\/li>\n\n\n\n<li><a href='?page_no=15700'>15700<\/a><\/li>\n\n\n\n<li><a href='?page_no=15701'>15701<\/a><\/li>\n\n\n\n<li><a>...<\/a><\/li>\n\n\n\n<li><a href='?page_no=36618'>36618<\/a><\/li>\n\n\n\n<li><a href='?page_no=36619'>36619<\/a><\/li>\n\n    \n\t\n\n<li >\n\t<a href='?page_no=15700'>Next<\/a>\n\t<\/li>\n\n\n    \n\n<li><a href='?page_no=36619'>Last &rsaquo;&rsaquo;<\/a><\/li>\n\n<\/ul>\n\n\n--><br \/>\n<\/body><\/p>\n","protected":false},"excerpt":{"rendered":"<p>Miami, 4 enero .- El espa\u00f1ol Rafael Nadal defiende a partir de este lunes el t\u00edtulo en Doha, donde comienza oficialmente su temporada y donde ha se\u00f1alado este domingo que empieza \u00abun nuevo desaf\u00edo y una nueva motivaci\u00f3n\u00bb. \u00abEstoy contento de estar en Doha de nuevo, la temporada acaba de comenzar y para mi es [&hellip;]<\/p>\n","protected":false},"author":3,"featured_media":0,"comment_status":"open","ping_status":"open","sticky":false,"template":"","format":"standard","meta":{"footnotes":""},"categories":[17],"tags":[],"class_list":["post-199168","post","type-post","status-publish","format-standard","hentry","category-deportes"],"_links":{"self":[{"href":"https:\/\/diariodominicano.com\/index.php?rest_route=\/wp\/v2\/posts\/199168","targetHints":{"allow":["GET"]}}],"collection":[{"href":"https:\/\/diariodominicano.com\/index.php?rest_route=\/wp\/v2\/posts"}],"about":[{"href":"https:\/\/diariodominicano.com\/index.php?rest_route=\/wp\/v2\/types\/post"}],"author":[{"embeddable":true,"href":"https:\/\/diariodominicano.com\/index.php?rest_route=\/wp\/v2\/users\/3"}],"replies":[{"embeddable":true,"href":"https:\/\/diariodominicano.com\/index.php?rest_route=%2Fwp%2Fv2%2Fcomments&post=199168"}],"version-history":[{"count":0,"href":"https:\/\/diariodominicano.com\/index.php?rest_route=\/wp\/v2\/posts\/199168\/revisions"}],"wp:attachment":[{"href":"https:\/\/diariodominicano.com\/index.php?rest_route=%2Fwp%2Fv2%2Fmedia&parent=199168"}],"wp:term":[{"taxonomy":"category","embeddable":true,"href":"https:\/\/diariodominicano.com\/index.php?rest_route=%2Fwp%2Fv2%2Fcategories&post=199168"},{"taxonomy":"post_tag","embeddable":true,"href":"https:\/\/diariodominicano.com\/index.php?rest_route=%2Fwp%2Fv2%2Ftags&post=199168"}],"curies":[{"name":"wp","href":"https:\/\/api.w.org\/{rel}","templated":true}]}}