{"id":199156,"date":"2015-01-07T08:15:13","date_gmt":"2015-01-07T08:15:13","guid":{"rendered":"http:\/\/diariodominicano.ddns.net\/?p=199156"},"modified":"2015-01-07T08:15:13","modified_gmt":"2015-01-07T08:15:13","slug":"la-tenacidad-de-pedro-lo-puso-en-cooperstown-la-negatividad-a-su-alrededor-encendio-la-llama","status":"publish","type":"post","link":"https:\/\/diariodominicano.com\/?p=199156","title":{"rendered":"La tenacidad de Pedro lo puso en Cooperstown; la negatividad a su alrededor encendi\u00f3 la llama"},"content":{"rendered":"<p><body><\/p>\n<p><img decoding=\"async\" src=\"img3\/pedrito 7.jpeg\" \/><br \/><img decoding=\"async\" src=\"img3\/pedro 6.jpeg\" \/><br \/><img decoding=\"async\" src=\"img3\/pedro 5.jpeg\" \/>  <\/p>\n<p>Nueva York 7 enero.- Por su aspecto fr\u00e1gil, Pedro Mart\u00ednez se encontr\u00f3 con muchas dudas de que alg\u00fan d\u00eda brillar\u00eda en las Grandes Ligas.<\/p>\n<\/p>\n<p>Esa desconfianza sobre su habilidad acab\u00f3 convirti\u00e9ndose en la \u00abllama\u00bb que motiv\u00f3 su ferocidad en el mont\u00edculo, llev\u00e1ndole a convertirse el martes en el segundo pelotero dominicano que es elegido el Sal\u00f3n de la Fama.<\/p>\n<\/p>\n<p>Mart\u00ednez evoc\u00f3 sus primeros pasos en el b\u00e9isbol profesional, refiri\u00e9ndose en particular a la intensidad con la que encar\u00f3 sus aperturas en una magistral trayectoria de 18 a\u00f1os.<\/p>\n<\/p>\n<p>\u00abMe transformaba una media hora antes del juego\u00bb, indic\u00f3 Mart\u00ednez en una teleconferencia tras recibir un 91,1% de apoyo en su primer a\u00f1o elegible en la votaci\u00f3n de la Asociaci\u00f3n de Cronistas de B\u00e9isbol de Norteam\u00e9rica.<\/p>\n<\/p>\n<p>\u00abMe pon\u00eda bien serio, concentrado, ya mi pap\u00e1 me dec\u00eda que me ten\u00eda que tomar con seriedad mi trabajo.<\/p>\n<\/p>\n<p>\u00abVe\u00eda a todos como un enemigo, como estar en la selva: hay que matar para sobrevivir\u00bb, a\u00f1adi\u00f3 Mart\u00ednez.<\/p>\n<\/p>\n<p>\u00abY esa era la intensidad y enfoque que tuve que mantener d\u00eda a d\u00eda\u00bb.<\/p>\n<\/p>\n<p>Como prospecto de los Dodgers, su primer club, Mart\u00ednez debi\u00f3 ser operado en 1992 tras dislocarse el hombro izquierdo (el brazo con el que no lanzaba) durante un turno al bate.<\/p>\n<\/p>\n<p>Desempe\u00f1\u00e1ndose principalmente como relevista, respondi\u00f3 positivamente en su primera temporada en las mayores (2.61 de efectividad en 65 apariciones), pero el m\u00e1nager Tom Lasorda y los m\u00e9dicos de Los \u00c1ngeles no se fiaban sobre si el oriundo de Manoguayabo tendr\u00eda la resistencia para lanzar y acompa\u00f1ar a su hermano Ram\u00f3n en la rotaci\u00f3n abridora.<\/p>\n<\/p>\n<p>Mart\u00ednez fue canjeado a Montreal en noviembre por Delino DeShields, y el resto es historia: foja de 219-100 y efectividad de 2.93. Es el tercero de todos los tiempos con un promedio de 10.04 ponches cada nueve innings. Sus tres premios Cy Young, uno en la Liga Nacional con los Expos en 1997 y los otros dos de manera consecutiva en la Americana en 1999-2000 con los Medias Rojas.<\/p>\n<\/p>\n<p>\u00abLa negatividad encendi\u00f3 la llama\u00bb, afirm\u00f3 Mart\u00ednez, quien abrumaba a los rivales con su repertorio de pitcheos, incluyendo un alucinante cambio de velocidad.<\/p>\n<\/p>\n<p>\u00abTambi\u00e9n le doy las gracias a los que dijeron que no, ya que ellos me motivaron a decirles que s\u00ed\u00bb.<\/p>\n<\/p>\n<p>Dato curioso sobre el desaf\u00edo que el delgado y diminuto Mart\u00ednez debi\u00f3 afrontar en su carrera: Mide 1,56 metros de estatura (5,11 pies).<\/p>\n<\/p>\n<p>Randy Johnson, el zurdo que tambi\u00e9n fue elegido el martes, mide 1,86 metros (6,10 pies).<\/p>\n<\/p>\n<p>Mart\u00ednez ser\u00e1 el segundo dominicano con una placa en Cooperstown, siguiendo los pasos de Juan Marichal tras una pausa de algo m\u00e1s de tres d\u00e9cadas desde que su compatriota fue elevado en 1983. Marichal se anot\u00f3 243 victorias y firm\u00f3 una efectividad de 2,89 cuando se retir\u00f3.<\/p>\n<\/p>\n<p>\u00abNo creo que tendremos que esperar otros 33 o 34 a\u00f1os sin alguien m\u00e1s\u00bb, se\u00f1al\u00f3 Mart\u00ednez, al destacar una oleada de astros dominicanos que tendr\u00edan las credenciales para ser incluidos en el Sal\u00f3n.<\/p>\n<\/p>\n<p>Albert Pujols, Vladimir Guerrero, David Ortiz y Adrian Beltr\u00e9 asoman como los principales candidatos dominicanos en futuras elecciones.<\/p>\n<\/p>\n<p>Ser\u00eda una lista m\u00e1s amplia, pero la sombra del consumo de sustancias para mejorar el rendimiento dejar\u00edan fuera a Sammy Sosa y Manny Ram\u00edrez.<\/p>\n<\/p>\n<p>Despu\u00e9s de catapultarse a la fama con los Expos, Mart\u00ednez labr\u00f3 su condici\u00f3n de leyenda durante siete gloriosas campa\u00f1as con Boston, coronadas con la conquista del primer campeonato de la Serie Mundial tras una sequ\u00eda de 86 a\u00f1os. Complet\u00f3 su carrera con los Mets y Filis.<\/p>\n<\/p>\n<p>En la actualidad, si se le pregunta a los juveniles talentos quisqueyanos que empiezan a abrirse paso en las mayores, como Yordano Ventura y Jenrry Mej\u00eda, casi siempre se\u00f1alan a Mart\u00ednez como su inspiraci\u00f3n.<\/p>\n<\/p>\n<p>Fue lo que Mart\u00ednez resalt\u00f3 al comparar el impacto de su elecci\u00f3n con respecto a la de Marichal.<\/p>\n<\/p>\n<p>\u00abA Juan Marichal le toc\u00f3 una era en la que los dominicanos no pudieron seguirle, como ocurri\u00f3 conmigo, por la televisi\u00f3n, la Internet\u00bb, dijo Mart\u00ednez. \u00abLa importancia que sea alguien de la era que me toc\u00f3 es indescriptible.<\/p>\n<\/p>\n<p>Cada jovencito de 20 a\u00f1os me pudo ver lanzar\u00bb.<\/p>\n<\/p>\n<p>\u00abMi deseo es que me vean como un ejemplo perseverancia y fe, de que s\u00ed podemos\u00bb, dijo Mart\u00ednez, quien tiene ahora 43 a\u00f1os. \u00abQue vean este honor como la confirmaci\u00f3n de que los latinos tenemos el mismo talento que todos los dem\u00e1s\u00bb.<\/p>\n<h6> 2015-01-07 08:15:13 <\/h6>\n<p><!--\n<link rel=\"stylesheet\" href=\"css\/bootstrap.min.css\">\n\n\n<ul class=\"pagination\">\n\t    \n\t\n\n<li >\n\t<a href='?page_no=15687'>Previous<\/a>\n\t<\/li>\n\n\n       \n    \n\n<li><a href='?page_no=1'>1<\/a><\/li>\n\n\n\n<li><a href='?page_no=2'>2<\/a><\/li>\n\n\n\n<li><a>...<\/a><\/li>\n\n\n\n<li><a href='?page_no=15686'>15686<\/a><\/li>\n\n\n\n<li><a href='?page_no=15687'>15687<\/a><\/li>\n\n\n\n<li class='active'><a>15688<\/a><\/li>\n\n\n\n<li><a href='?page_no=15689'>15689<\/a><\/li>\n\n\n\n<li><a href='?page_no=15690'>15690<\/a><\/li>\n\n\n\n<li><a>...<\/a><\/li>\n\n\n\n<li><a href='?page_no=36618'>36618<\/a><\/li>\n\n\n\n<li><a href='?page_no=36619'>36619<\/a><\/li>\n\n    \n\t\n\n<li >\n\t<a href='?page_no=15689'>Next<\/a>\n\t<\/li>\n\n\n    \n\n<li><a href='?page_no=36619'>Last &rsaquo;&rsaquo;<\/a><\/li>\n\n<\/ul>\n\n\n--><br \/>\n<\/body><\/p>\n","protected":false},"excerpt":{"rendered":"<p>Nueva York 7 enero.- Por su aspecto fr\u00e1gil, Pedro Mart\u00ednez se encontr\u00f3 con muchas dudas de que alg\u00fan d\u00eda brillar\u00eda en las Grandes Ligas. Esa desconfianza sobre su habilidad acab\u00f3 convirti\u00e9ndose en la \u00abllama\u00bb que motiv\u00f3 su ferocidad en el mont\u00edculo, llev\u00e1ndole a convertirse el martes en el segundo pelotero dominicano que es elegido el [&hellip;]<\/p>\n","protected":false},"author":3,"featured_media":0,"comment_status":"open","ping_status":"open","sticky":false,"template":"","format":"standard","meta":{"footnotes":""},"categories":[17],"tags":[],"class_list":["post-199156","post","type-post","status-publish","format-standard","hentry","category-deportes"],"_links":{"self":[{"href":"https:\/\/diariodominicano.com\/index.php?rest_route=\/wp\/v2\/posts\/199156","targetHints":{"allow":["GET"]}}],"collection":[{"href":"https:\/\/diariodominicano.com\/index.php?rest_route=\/wp\/v2\/posts"}],"about":[{"href":"https:\/\/diariodominicano.com\/index.php?rest_route=\/wp\/v2\/types\/post"}],"author":[{"embeddable":true,"href":"https:\/\/diariodominicano.com\/index.php?rest_route=\/wp\/v2\/users\/3"}],"replies":[{"embeddable":true,"href":"https:\/\/diariodominicano.com\/index.php?rest_route=%2Fwp%2Fv2%2Fcomments&post=199156"}],"version-history":[{"count":0,"href":"https:\/\/diariodominicano.com\/index.php?rest_route=\/wp\/v2\/posts\/199156\/revisions"}],"wp:attachment":[{"href":"https:\/\/diariodominicano.com\/index.php?rest_route=%2Fwp%2Fv2%2Fmedia&parent=199156"}],"wp:term":[{"taxonomy":"category","embeddable":true,"href":"https:\/\/diariodominicano.com\/index.php?rest_route=%2Fwp%2Fv2%2Fcategories&post=199156"},{"taxonomy":"post_tag","embeddable":true,"href":"https:\/\/diariodominicano.com\/index.php?rest_route=%2Fwp%2Fv2%2Ftags&post=199156"}],"curies":[{"name":"wp","href":"https:\/\/api.w.org\/{rel}","templated":true}]}}