{"id":199154,"date":"2015-01-07T08:30:20","date_gmt":"2015-01-07T08:30:20","guid":{"rendered":"http:\/\/diariodominicano.ddns.net\/?p=199154"},"modified":"2015-01-07T08:30:20","modified_gmt":"2015-01-07T08:30:20","slug":"en-manoguayabo-en-el-sector-der-san-miguel-empezo-la-fiesta","status":"publish","type":"post","link":"https:\/\/diariodominicano.com\/?p=199154","title":{"rendered":"En Manoguayabo, en el sector der San Miguel empez\u00f3 la fiesta"},"content":{"rendered":"<p><body><\/p>\n<p><img decoding=\"async\" src=\"img3\/fiesta 7.jpeg\" \/>  <\/p>\n<p>Santo Domingo RD 7 enero.- Mientras transcurr\u00edan las horas de este martes, la comunidad de Mayoguayabo se manten\u00eda en calma, sumida en su cotidianeidad.<\/p>\n<\/p>\n<p>La tranquilidad y la vida habitual de la gente de all\u00ed se rompi\u00f3 cuando las manecillas de los relojes marcaban las 3:00 de la tarde y las agencias de noticias y las redes sociales comenzaron a anunciar al mundo la elecci\u00f3n de Pedro Mart\u00ednez al Sal\u00f3n de la Fama de Cooperstown, un privilegiado logr\u00f3 que s\u00f3lo hab\u00eda alcanzado el Inmortal del Deporte Dominicano, Juan Marichal.<\/p>\n<\/p>\n<p>Una gran algarab\u00eda se produjo a lo largo de toda la calle central de Manoguayabo, cuando la gente sali\u00f3 a la calle a festejar la elecci\u00f3n de Pedro al Sal\u00f3n de la Fama de Cooperstown, producida en la tarde de ayer.<\/p>\n<\/p>\n<p>Desde tempranas horas de la tarde comenzaron a llegar familiares y amigos de la familia a la peque\u00f1a hacienda de la familia Mart\u00ednez donde Pedro y su hermano Ram\u00f3n tienen sendas estancias donde reciben a familiares y amigos.<\/p>\n<\/p>\n<p>Los festejos comenzaron con un peque\u00f1o grupo de amigos y familiares de Pedro, pero con el paso de las horas fueron sum\u00e1ndose personas de todas las edades. Mujeres y hombres, ni\u00f1os y personas bien entradas en edad llegaban a las inmediaciones de la propiedad de los Mart\u00ednez hasta que el anuncio de escogencia de Pedro fue escuchado por altavoces colocados en el frente de la propiedad.<\/p>\n<\/p>\n<p>A los festejos se unieron despu\u00e9s una gran legi\u00f3n de ni\u00f1os y adolescentes de la fundaci\u00f3n \u00abHay Poder en Aprender\u00bb, fundada en 2009, acompa\u00f1ados por facilitadores al servicio de la instituci\u00f3n.<\/p>\n<\/p>\n<p>Portando cartelones y la bandera nacional los ni\u00f1os a los que se unieron residentes de las inmediaciones, iban gritando consignas.<\/p>\n<\/p>\n<p>\u00abPedro querido, el pueblo est\u00e1 contigo\u00bb, era una de las consignas de los ni\u00f1os vestidos con t-shirt de colores rojos y azules y que tambi\u00e9n llevaban grandes fotograf\u00edas de Pedro, quien estuvo en 8 Juegos de Estrellas.<\/p>\n<\/p>\n<p>Algunos negocios exhib\u00edan camisetas con el apellido Mart\u00ednez y con el n\u00famero 45 que usualmente utiliz\u00f3 Pedro durante su carrera de de 18 a\u00f1os en las Grandes Ligas. Tambi\u00e9n ten\u00edan banderas dominicanas y a\u00fan en otros se reun\u00edan peque\u00f1os grupos de personas celebrando el acontecimiento.<\/p>\n<\/p>\n<p>Un gran taponamiento vehicular se produjo en la calle que da acceso al sector San Miguel de Manoguayabo. Veh\u00edculos con m\u00fasica a alto volumen, toque de vocinas, eran parte de los festejos por el logro de Pedro que termin\u00f3 su carrera en las Grandes Ligas con 219 triunfos y 100 derrotas, con una efectividad de 2.93 y 3,154 ponches.<\/p>\n<\/p>\n<p>La hacienda que tiene varias construcciones, incluyendo las dos casas \u00f1una de Pedro y otra de Ram\u00f3n- tambi\u00e9n tiene un gran \u00abgacebo\u00bb de dos niveles con pista de baile, una piscina, una fuente con una v\u00eda de penetraci\u00f3n asfaltada, as\u00ed como varios garajes para veh\u00edculos.<\/p>\n<\/p>\n<p>En las marquesinas de las dos residencias hay sendos autos estacionados. Uno es uno de la marca Ferrari y otro Mercedes Benz. Otros veh\u00edculos est\u00e1n celosamente guardados en garajes protegidos por portones met\u00e1licos.<\/p>\n<\/p>\n<p>La estancia est\u00e1 bien cuidada, con flores diversas, un peque\u00f1o huerto, y una espesa vegetaci\u00f3n donde hay varios \u00e1rboles frutales y ornamentales. Un amplio port\u00f3n met\u00e1lico protege la entrada a la propiedad, con una puerta peatonal integrada y un hombre (Porfirio Herrera) de la absoluta confianza de la familia atienda la entrada.<\/p>\n<\/p>\n<p>Pedro Mart\u00ednez logr\u00f3 su elecci\u00f3n en primea aparici\u00f3n en las boletas con 500 votos, para un porcentaje de 91.1, el segundo m\u00e1s alto y establece un nuevo precedente al convertirse el pelotero latino en recibir tan alta votaci\u00f3n para su elecci\u00f3n al Sal\u00f3n de la Fama de Cooperstown. El primer lugar en las votaciones fue para el tambi\u00e9n ex lanzador Randy Johnson con  534 votos, de 549 votantes, lo que representa un 97.3% de los votos; en el tercer puesto estuvo John  Smoltz con 455 para un 82.9% y finalmente Craig Biggio con un  82.7%.<\/p>\n<\/p>\n<p>Testimonio<\/p>\n<p>La se\u00f1ora Juana P\u00e9rez, persona de la intimidad familiar, con doce a\u00f1os en la estancia de Pedro y Ram\u00f3n Mart\u00ednez define a Pedro como un hombre humilde, sencillo y buena persona. \u00abEsta elecci\u00f3n nos llena de emoci\u00f3n y alegr\u00eda a todos aqu\u00ed, \u00e9l se lo merece, trabaj\u00f3 y lo hizo bien toda su vida de pelotero\u00bb, dice.<\/p>\n<\/p>\n<p>\u00abPor muchos a\u00f1os he estado con la familia aqu\u00ed (en la estancia) y lo he tratado como un ni\u00f1o. Es una persona que cree mucho en Dios y hoy ha recibido la bendici\u00f3n de ser elegido (a Cooperstown)\u00bb, dice do\u00f1a Juana, quien gusta cocinar moros de habichuelas negras o de guandules con coco, con chivo, guinea, gallina criolla, rabo de vaca o mollejitas.<\/p>\n<\/p>\n<p>Una de las cualidades que admira do\u00f1a Juana es la disposici\u00f3n de Pedro de recibir a gente de todas clases cuando llega a la estancia. \u00abNo importa si es peque\u00f1o o viejitos, los recibe a todos y comparte con ellos\u00bb, dice.<\/p>\n<\/p>\n<p>En tanto que Marcos Ortega, hijo de crianza de Pedro habla del orgullo que siente de su padre que desde que ten\u00eda dos a\u00f1os lo ha criado. \u00abMe siento muy orgulloso de mi padre\u00bb, dice Ortega, un joven de 19 a\u00f1os que ha sido firmado por la organizaci\u00f3nde los Medias Rojas de Boston, uno de los equipos que Pedro form\u00f3 parte en su carrera de 18 a\u00f1os en las mayores.<\/p>\n<\/p>\n<p>Es un lanzador derecho, quiere emular a su padre de crianza y \u00abllegar a ser tan grande como \u00e9l\u00bb.<\/p>\n<\/p>\n<p>Henry Ram\u00edrez, primo de Pedro considera la elecci\u00f3n de este al Sal\u00f3n de la Fama de Cooperstown como \u00abalgo incre\u00edble\u00bb.<\/p>\n<\/p>\n<p>\u00abEl pueblo est\u00e1 celebrando con nosotros un gran acontecimiento\u00bb, expres\u00f3 el pariente de Pedro.<\/p>\n<\/p>\n<h6> 2015-01-07 08:30:20 <\/h6>\n<p><!--\n<link rel=\"stylesheet\" href=\"css\/bootstrap.min.css\">\n\n\n<ul class=\"pagination\">\n\t    \n\t\n\n<li >\n\t<a href='?page_no=15685'>Previous<\/a>\n\t<\/li>\n\n\n       \n    \n\n<li><a href='?page_no=1'>1<\/a><\/li>\n\n\n\n<li><a href='?page_no=2'>2<\/a><\/li>\n\n\n\n<li><a>...<\/a><\/li>\n\n\n\n<li><a href='?page_no=15684'>15684<\/a><\/li>\n\n\n\n<li><a href='?page_no=15685'>15685<\/a><\/li>\n\n\n\n<li class='active'><a>15686<\/a><\/li>\n\n\n\n<li><a href='?page_no=15687'>15687<\/a><\/li>\n\n\n\n<li><a href='?page_no=15688'>15688<\/a><\/li>\n\n\n\n<li><a>...<\/a><\/li>\n\n\n\n<li><a href='?page_no=36618'>36618<\/a><\/li>\n\n\n\n<li><a href='?page_no=36619'>36619<\/a><\/li>\n\n    \n\t\n\n<li >\n\t<a href='?page_no=15687'>Next<\/a>\n\t<\/li>\n\n\n    \n\n<li><a href='?page_no=36619'>Last &rsaquo;&rsaquo;<\/a><\/li>\n\n<\/ul>\n\n\n--><br \/>\n<\/body><\/p>\n","protected":false},"excerpt":{"rendered":"<p>Santo Domingo RD 7 enero.- Mientras transcurr\u00edan las horas de este martes, la comunidad de Mayoguayabo se manten\u00eda en calma, sumida en su cotidianeidad. La tranquilidad y la vida habitual de la gente de all\u00ed se rompi\u00f3 cuando las manecillas de los relojes marcaban las 3:00 de la tarde y las agencias de noticias y [&hellip;]<\/p>\n","protected":false},"author":3,"featured_media":0,"comment_status":"open","ping_status":"open","sticky":false,"template":"","format":"standard","meta":{"footnotes":""},"categories":[17],"tags":[],"class_list":["post-199154","post","type-post","status-publish","format-standard","hentry","category-deportes"],"_links":{"self":[{"href":"https:\/\/diariodominicano.com\/index.php?rest_route=\/wp\/v2\/posts\/199154","targetHints":{"allow":["GET"]}}],"collection":[{"href":"https:\/\/diariodominicano.com\/index.php?rest_route=\/wp\/v2\/posts"}],"about":[{"href":"https:\/\/diariodominicano.com\/index.php?rest_route=\/wp\/v2\/types\/post"}],"author":[{"embeddable":true,"href":"https:\/\/diariodominicano.com\/index.php?rest_route=\/wp\/v2\/users\/3"}],"replies":[{"embeddable":true,"href":"https:\/\/diariodominicano.com\/index.php?rest_route=%2Fwp%2Fv2%2Fcomments&post=199154"}],"version-history":[{"count":0,"href":"https:\/\/diariodominicano.com\/index.php?rest_route=\/wp\/v2\/posts\/199154\/revisions"}],"wp:attachment":[{"href":"https:\/\/diariodominicano.com\/index.php?rest_route=%2Fwp%2Fv2%2Fmedia&parent=199154"}],"wp:term":[{"taxonomy":"category","embeddable":true,"href":"https:\/\/diariodominicano.com\/index.php?rest_route=%2Fwp%2Fv2%2Fcategories&post=199154"},{"taxonomy":"post_tag","embeddable":true,"href":"https:\/\/diariodominicano.com\/index.php?rest_route=%2Fwp%2Fv2%2Ftags&post=199154"}],"curies":[{"name":"wp","href":"https:\/\/api.w.org\/{rel}","templated":true}]}}