{"id":199152,"date":"2015-01-07T12:41:05","date_gmt":"2015-01-07T12:41:05","guid":{"rendered":"http:\/\/diariodominicano.ddns.net\/?p=199152"},"modified":"2015-01-07T12:41:05","modified_gmt":"2015-01-07T12:41:05","slug":"hijo-de-pedro-algun-dia-podre-ser-como-el","status":"publish","type":"post","link":"https:\/\/diariodominicano.com\/?p=199152","title":{"rendered":"Hijo de Pedro: \u00abAlg\u00fan d\u00eda podr\u00e9 ser como \u00e9l\u00bb&#13;"},"content":{"rendered":"<p><body><\/p>\n<p><img decoding=\"async\" src=\"img3\/hijo 7.jpg\" \/>  <\/p>\n<p>Pedro Pablo Jaime Mena celebr\u00f3 ayer hasta m\u00e1s no poder la escogencia de su padre, Pedro Mart\u00ednez, al Sal\u00f3n de la Fama de Cooperstown.<\/p>\n<\/p>\n<p>Junto a varios familiares, entre los que se encontraba el tambi\u00e9n lanzador Dennys Bautista, se lanz\u00f3 a las calles a celebrar la haza\u00f1a de su padre. <\/p>\n<\/p>\n<p>\u00abEs un gran orgullo para m\u00ed\u00bb, dijo el peque\u00f1o joven. \u00abEs lo mejor que me ha pasado en mi vida. No quiero parar de celebrar junto a mi familia. Quiero desearle lo mejor a mi pap\u00e1 y que se lo goce con todo el entusiasmo posible porque \u00e9l se lo merece. \u00c9l sabe que lo quiero mucho\u00bb, agreg\u00f3.<\/p>\n<\/p>\n<p>Relat\u00f3 que una vez supo de la escogencia, sostuvo una conversaci\u00f3n telef\u00f3nica, en donde le expres\u00f3 su felicidad al saber que acompa\u00f1ar\u00e1 a Juan Marichal en el templo sagrado de las Grandes Ligas.<\/p>\n<\/p>\n<p>\u00abLe dije que alg\u00fan d\u00eda podr\u00e9 ser como \u00e9l. Me encantar\u00eda. Le dije de lo feliz que me sent\u00eda al saber de la elecci\u00f3n. Es un gran padre, no porque sea hijo de \u00e9l, pero sobre todo es un gran ser humano\u00bb, manifest\u00f3.<\/p>\n<\/p>\n<h6> 2015-01-07 12:41:05 <\/h6>\n<p><!--\n<link rel=\"stylesheet\" href=\"css\/bootstrap.min.css\">\n\n\n<ul class=\"pagination\">\n\t    \n\t\n\n<li >\n\t<a href='?page_no=15683'>Previous<\/a>\n\t<\/li>\n\n\n       \n    \n\n<li><a href='?page_no=1'>1<\/a><\/li>\n\n\n\n<li><a href='?page_no=2'>2<\/a><\/li>\n\n\n\n<li><a>...<\/a><\/li>\n\n\n\n<li><a href='?page_no=15682'>15682<\/a><\/li>\n\n\n\n<li><a href='?page_no=15683'>15683<\/a><\/li>\n\n\n\n<li class='active'><a>15684<\/a><\/li>\n\n\n\n<li><a href='?page_no=15685'>15685<\/a><\/li>\n\n\n\n<li><a href='?page_no=15686'>15686<\/a><\/li>\n\n\n\n<li><a>...<\/a><\/li>\n\n\n\n<li><a href='?page_no=36618'>36618<\/a><\/li>\n\n\n\n<li><a href='?page_no=36619'>36619<\/a><\/li>\n\n    \n\t\n\n<li >\n\t<a href='?page_no=15685'>Next<\/a>\n\t<\/li>\n\n\n    \n\n<li><a href='?page_no=36619'>Last &rsaquo;&rsaquo;<\/a><\/li>\n\n<\/ul>\n\n\n--><br \/>\n<\/body><\/p>\n","protected":false},"excerpt":{"rendered":"<p>Pedro Pablo Jaime Mena celebr\u00f3 ayer hasta m\u00e1s no poder la escogencia de su padre, Pedro Mart\u00ednez, al Sal\u00f3n de la Fama de Cooperstown. Junto a varios familiares, entre los que se encontraba el tambi\u00e9n lanzador Dennys Bautista, se lanz\u00f3 a las calles a celebrar la haza\u00f1a de su padre. \u00abEs un gran orgullo para [&hellip;]<\/p>\n","protected":false},"author":3,"featured_media":0,"comment_status":"open","ping_status":"open","sticky":false,"template":"","format":"standard","meta":{"footnotes":""},"categories":[17],"tags":[],"class_list":["post-199152","post","type-post","status-publish","format-standard","hentry","category-deportes"],"_links":{"self":[{"href":"https:\/\/diariodominicano.com\/index.php?rest_route=\/wp\/v2\/posts\/199152","targetHints":{"allow":["GET"]}}],"collection":[{"href":"https:\/\/diariodominicano.com\/index.php?rest_route=\/wp\/v2\/posts"}],"about":[{"href":"https:\/\/diariodominicano.com\/index.php?rest_route=\/wp\/v2\/types\/post"}],"author":[{"embeddable":true,"href":"https:\/\/diariodominicano.com\/index.php?rest_route=\/wp\/v2\/users\/3"}],"replies":[{"embeddable":true,"href":"https:\/\/diariodominicano.com\/index.php?rest_route=%2Fwp%2Fv2%2Fcomments&post=199152"}],"version-history":[{"count":0,"href":"https:\/\/diariodominicano.com\/index.php?rest_route=\/wp\/v2\/posts\/199152\/revisions"}],"wp:attachment":[{"href":"https:\/\/diariodominicano.com\/index.php?rest_route=%2Fwp%2Fv2%2Fmedia&parent=199152"}],"wp:term":[{"taxonomy":"category","embeddable":true,"href":"https:\/\/diariodominicano.com\/index.php?rest_route=%2Fwp%2Fv2%2Fcategories&post=199152"},{"taxonomy":"post_tag","embeddable":true,"href":"https:\/\/diariodominicano.com\/index.php?rest_route=%2Fwp%2Fv2%2Ftags&post=199152"}],"curies":[{"name":"wp","href":"https:\/\/api.w.org\/{rel}","templated":true}]}}