{"id":199151,"date":"2015-01-07T17:10:25","date_gmt":"2015-01-07T17:10:25","guid":{"rendered":"http:\/\/diariodominicano.ddns.net\/?p=199151"},"modified":"2015-01-07T17:10:25","modified_gmt":"2015-01-07T17:10:25","slug":"angels-firmaron-al-cubano-roberto-baldoquin","status":"publish","type":"post","link":"https:\/\/diariodominicano.com\/?p=199151","title":{"rendered":"Angels firmaron al cubano Roberto Baldoqu\u00edn"},"content":{"rendered":"<p><body><\/p>\n<p><img decoding=\"async\" src=\"img3\/robertobaldoquin.jpg\" \/>  <\/p>\n<p><span class=\"text1noticias\">ANAHEIM, Los Angeles, EE.UU., 7 de Enero.-Los Angelinos anunciaron que han firmado al infielder cubano Roberto Baldoqu\u00edn tras recibir la aprobaci\u00f3n final de la Oficina del Comisionado.<\/span><\/p>\n<\/p>\n<p><span class=\"text1noticias\">Baldoqu\u00edn, quien cumplir\u00e1 21 a\u00f1os de edad en mayo, recibi\u00f3 un bono al firmar de US$8 millones. Es probable que sea invitado a los entrenamientos y que comience la campa\u00f1a del 2015 como torpedero por Doble-A Arkansas.<\/span><\/p>\n<\/p>\n<p><span class=\"text1noticias\">Baldoqu\u00edn, quien desert\u00f3 de Cuba en febrero del 2014 y pact\u00f3 con los Angelinos en noviembre, disput\u00f3 tres temporadas por Las Tunas en la Serie Nacional de Cuba. Tambi\u00e9n jug\u00f3 en la liga sub-16 del pa\u00eds<\/span>.<\/p>\n<h6> 2015-01-07 17:10:25 <\/h6>\n<p><!--\n<link rel=\"stylesheet\" href=\"css\/bootstrap.min.css\">\n\n\n<ul class=\"pagination\">\n\t    \n\t\n\n<li >\n\t<a href='?page_no=15682'>Previous<\/a>\n\t<\/li>\n\n\n       \n    \n\n<li><a href='?page_no=1'>1<\/a><\/li>\n\n\n\n<li><a href='?page_no=2'>2<\/a><\/li>\n\n\n\n<li><a>...<\/a><\/li>\n\n\n\n<li><a href='?page_no=15681'>15681<\/a><\/li>\n\n\n\n<li><a href='?page_no=15682'>15682<\/a><\/li>\n\n\n\n<li class='active'><a>15683<\/a><\/li>\n\n\n\n<li><a href='?page_no=15684'>15684<\/a><\/li>\n\n\n\n<li><a href='?page_no=15685'>15685<\/a><\/li>\n\n\n\n<li><a>...<\/a><\/li>\n\n\n\n<li><a href='?page_no=36618'>36618<\/a><\/li>\n\n\n\n<li><a href='?page_no=36619'>36619<\/a><\/li>\n\n    \n\t\n\n<li >\n\t<a href='?page_no=15684'>Next<\/a>\n\t<\/li>\n\n\n    \n\n<li><a href='?page_no=36619'>Last &rsaquo;&rsaquo;<\/a><\/li>\n\n<\/ul>\n\n\n--><br \/>\n<\/body><\/p>\n","protected":false},"excerpt":{"rendered":"<p>ANAHEIM, Los Angeles, EE.UU., 7 de Enero.-Los Angelinos anunciaron que han firmado al infielder cubano Roberto Baldoqu\u00edn tras recibir la aprobaci\u00f3n final de la Oficina del Comisionado. Baldoqu\u00edn, quien cumplir\u00e1 21 a\u00f1os de edad en mayo, recibi\u00f3 un bono al firmar de US$8 millones. Es probable que sea invitado a los entrenamientos y que comience [&hellip;]<\/p>\n","protected":false},"author":3,"featured_media":0,"comment_status":"open","ping_status":"open","sticky":false,"template":"","format":"standard","meta":{"footnotes":""},"categories":[17],"tags":[],"class_list":["post-199151","post","type-post","status-publish","format-standard","hentry","category-deportes"],"_links":{"self":[{"href":"https:\/\/diariodominicano.com\/index.php?rest_route=\/wp\/v2\/posts\/199151","targetHints":{"allow":["GET"]}}],"collection":[{"href":"https:\/\/diariodominicano.com\/index.php?rest_route=\/wp\/v2\/posts"}],"about":[{"href":"https:\/\/diariodominicano.com\/index.php?rest_route=\/wp\/v2\/types\/post"}],"author":[{"embeddable":true,"href":"https:\/\/diariodominicano.com\/index.php?rest_route=\/wp\/v2\/users\/3"}],"replies":[{"embeddable":true,"href":"https:\/\/diariodominicano.com\/index.php?rest_route=%2Fwp%2Fv2%2Fcomments&post=199151"}],"version-history":[{"count":0,"href":"https:\/\/diariodominicano.com\/index.php?rest_route=\/wp\/v2\/posts\/199151\/revisions"}],"wp:attachment":[{"href":"https:\/\/diariodominicano.com\/index.php?rest_route=%2Fwp%2Fv2%2Fmedia&parent=199151"}],"wp:term":[{"taxonomy":"category","embeddable":true,"href":"https:\/\/diariodominicano.com\/index.php?rest_route=%2Fwp%2Fv2%2Fcategories&post=199151"},{"taxonomy":"post_tag","embeddable":true,"href":"https:\/\/diariodominicano.com\/index.php?rest_route=%2Fwp%2Fv2%2Ftags&post=199151"}],"curies":[{"name":"wp","href":"https:\/\/api.w.org\/{rel}","templated":true}]}}