{"id":199140,"date":"2015-01-09T08:52:35","date_gmt":"2015-01-09T08:52:35","guid":{"rendered":"http:\/\/diariodominicano.ddns.net\/?p=199140"},"modified":"2015-01-09T08:52:35","modified_gmt":"2015-01-09T08:52:35","slug":"pedro-martinez-llega-manana-sabado-turismo-prepara-la-celebracion","status":"publish","type":"post","link":"https:\/\/diariodominicano.com\/?p=199140","title":{"rendered":"Pedro Mart\u00ednez llega ma\u00f1ana s\u00e1bado, Turismo prepara la celebraci\u00f3n"},"content":{"rendered":"<p><body><\/p>\n<p><img decoding=\"async\" src=\"img3\/orgullo 9.jpg\" \/><br \/><img decoding=\"async\" src=\"img3\/pedro 9.jpg\" \/>  <\/p>\n<p>Pedro Mart\u00ednez llega ma\u00f1ana s\u00e1bado, Turismo prepara la celebraci\u00f3n<\/p>\n<\/p>\n<p>Santo Domingo<\/p>\n<p>El Ministro de Turismo, Francisco Javier Garc\u00eda, anunci\u00f3 ayer s que todo est\u00e1 listo para dar un \u00abrecibimiento de grandes ligas\u00bb a Pedro Mart\u00ednez, electo el martes al Sal\u00f3n de la Fama de Cooperstown.<\/p>\n<\/p>\n<p>Inform\u00f3 que Mart\u00ednez llegar\u00e1 al pa\u00eds a la una y treinta de la tarde del s\u00e1bado y ser\u00e1 recibido con una gran concentraci\u00f3n de personas en el Aeropuerto Internacional de Las Am\u00e9ricas (AILA), donde se realizar\u00e1 un encuentro con la prensa.<\/p>\n<\/p>\n<p>\u00abLe vamos a dar a Pedro El Grande el recibimiento que merece una gloria del beisbol, el mejor promotor del turismo\u00bb, dijo Garc\u00eda al ofrecer detalles del recibimiento que organiza el Ministerio de Turismo, en coordinaci\u00f3n con la Fundaci\u00f3n Pedro Mart\u00ednez, el Comit\u00e9 Ol\u00edmpico Dominicano y otras instituciones.<\/p>\n<\/p>\n<p>Adem\u00e1s del recibimiento en el AILA, tambi\u00e9n incluye una gran caravana que recorrer\u00e1 las avenidas Las Am\u00e9ricas, Francisco Alberto Caama\u00f1o hasta llegar al malec\u00f3n, donde se har\u00e1 una parada para que el pueblo lo reciba en una tarima que ser\u00e1 habilitada en el parque Eugenio Mar\u00eda de Hostos, donde se presentar\u00e1n destacadas agrupaciones musicales.<\/p>\n<\/p>\n<p>Tras su parada en el malec\u00f3n, la caravana reanudar\u00e1 su recorrido hasta llegar al sector San Miguel, en Manoguayabo, de donde es oriundo Mart\u00ednez, all\u00ed tambi\u00e9n habr\u00e1 una gran fiesta con varias orquestas.<\/p>\n<\/p>\n<p>El montaje del emotivo recibimiento que auspicia el Ministerio de Turismo es coordinado por el empresario art\u00edstico Luis Medrano.<\/p>\n<\/p>\n<h6> 2015-01-09 08:52:35 <\/h6>\n<p><!--\n<link rel=\"stylesheet\" href=\"css\/bootstrap.min.css\">\n\n\n<ul class=\"pagination\">\n\t    \n\t\n\n<li >\n\t<a href='?page_no=15672'>Previous<\/a>\n\t<\/li>\n\n\n       \n    \n\n<li><a href='?page_no=1'>1<\/a><\/li>\n\n\n\n<li><a href='?page_no=2'>2<\/a><\/li>\n\n\n\n<li><a>...<\/a><\/li>\n\n\n\n<li><a href='?page_no=15671'>15671<\/a><\/li>\n\n\n\n<li><a href='?page_no=15672'>15672<\/a><\/li>\n\n\n\n<li class='active'><a>15673<\/a><\/li>\n\n\n\n<li><a href='?page_no=15674'>15674<\/a><\/li>\n\n\n\n<li><a href='?page_no=15675'>15675<\/a><\/li>\n\n\n\n<li><a>...<\/a><\/li>\n\n\n\n<li><a href='?page_no=36618'>36618<\/a><\/li>\n\n\n\n<li><a href='?page_no=36619'>36619<\/a><\/li>\n\n    \n\t\n\n<li >\n\t<a href='?page_no=15674'>Next<\/a>\n\t<\/li>\n\n\n    \n\n<li><a href='?page_no=36619'>Last &rsaquo;&rsaquo;<\/a><\/li>\n\n<\/ul>\n\n\n--><br \/>\n<\/body><\/p>\n","protected":false},"excerpt":{"rendered":"<p>Pedro Mart\u00ednez llega ma\u00f1ana s\u00e1bado, Turismo prepara la celebraci\u00f3n Santo Domingo El Ministro de Turismo, Francisco Javier Garc\u00eda, anunci\u00f3 ayer s que todo est\u00e1 listo para dar un \u00abrecibimiento de grandes ligas\u00bb a Pedro Mart\u00ednez, electo el martes al Sal\u00f3n de la Fama de Cooperstown. Inform\u00f3 que Mart\u00ednez llegar\u00e1 al pa\u00eds a la una y [&hellip;]<\/p>\n","protected":false},"author":3,"featured_media":0,"comment_status":"open","ping_status":"open","sticky":false,"template":"","format":"standard","meta":{"footnotes":""},"categories":[17],"tags":[],"class_list":["post-199140","post","type-post","status-publish","format-standard","hentry","category-deportes"],"_links":{"self":[{"href":"https:\/\/diariodominicano.com\/index.php?rest_route=\/wp\/v2\/posts\/199140","targetHints":{"allow":["GET"]}}],"collection":[{"href":"https:\/\/diariodominicano.com\/index.php?rest_route=\/wp\/v2\/posts"}],"about":[{"href":"https:\/\/diariodominicano.com\/index.php?rest_route=\/wp\/v2\/types\/post"}],"author":[{"embeddable":true,"href":"https:\/\/diariodominicano.com\/index.php?rest_route=\/wp\/v2\/users\/3"}],"replies":[{"embeddable":true,"href":"https:\/\/diariodominicano.com\/index.php?rest_route=%2Fwp%2Fv2%2Fcomments&post=199140"}],"version-history":[{"count":0,"href":"https:\/\/diariodominicano.com\/index.php?rest_route=\/wp\/v2\/posts\/199140\/revisions"}],"wp:attachment":[{"href":"https:\/\/diariodominicano.com\/index.php?rest_route=%2Fwp%2Fv2%2Fmedia&parent=199140"}],"wp:term":[{"taxonomy":"category","embeddable":true,"href":"https:\/\/diariodominicano.com\/index.php?rest_route=%2Fwp%2Fv2%2Fcategories&post=199140"},{"taxonomy":"post_tag","embeddable":true,"href":"https:\/\/diariodominicano.com\/index.php?rest_route=%2Fwp%2Fv2%2Ftags&post=199140"}],"curies":[{"name":"wp","href":"https:\/\/api.w.org\/{rel}","templated":true}]}}