{"id":199139,"date":"2015-01-09T11:00:01","date_gmt":"2015-01-09T11:00:01","guid":{"rendered":"http:\/\/diariodominicano.ddns.net\/?p=199139"},"modified":"2015-01-09T11:00:01","modified_gmt":"2015-01-09T11:00:01","slug":"aguilas-cibaenas-despiden-manager-y-designaran-a-miguel-tejada","status":"publish","type":"post","link":"https:\/\/diariodominicano.com\/?p=199139","title":{"rendered":"\u00c1guilas Cibae\u00f1as despiden m\u00e1nager y designar\u00e1n a Miguel Tejada"},"content":{"rendered":"<p><body><\/p>\n<p><img decoding=\"async\" src=\"img3\/mike 9.jpg\" \/>  <\/p>\n<p>Santiago RD 9 enero.- Miguel Tejada ser\u00e1 nombrado la ma\u00f1ana de este viernes como el nuevo dirigente de las \u00c1guilas. Andy Barkett fue despedido del puesto en la madrugada de hoy.<\/p>\n<\/p>\n<p>La contrataci\u00f3n de Tejada como m\u00e1nager fue confiada a elCaribe por una fuente que pidi\u00f3 reserva de su nombre.<\/p>\n<\/p>\n<p>Barkett fue cancelado horas despu\u00e9s de la derrota del equipo ante los Gigantes 8 carreras por 6. El conjunto cibaeno permanece empate en la segunda posici\u00f3n con Los Toros del Este y las Estrellas Orientales, con cuatro ganados y seis derrotas.<\/p>\n<\/p>\n<p>El despido de Barkett fue dado a conocer por Quilvio Hern\u00e1ndez, presidente del Consejo Directivo de las Aguilas y Stanley Javier, Gerente general, quienes est\u00e1n citando a la prensa nacional a una conferencia hoy a las 10:00 A.M. para introducir al nuevo dirigente del equipo.<\/p>\n<\/p>\n<p>\u00abNuestra organizaci\u00f3n quiere agradecer a Andy todo el empe\u00f1o puesto para que logr\u00e1ramos alcanzar el objetivo. Tambien su \u00e9tica de trabajo y desearle mucha suerte en el futuro\u00bb dijeron los ejecutivos aguiluchos.<\/p>\n<\/p>\n<p>Barkett gui\u00f3 a las \u00c1guilas a obtener 29 triunfos en la ronda regular, quedando en la segunda posici\u00f3n detr\u00e1s de las Estrellas Orientales. La historia en la semifinal ha sido diferente y su despido se produce cuando el conjunto busca salirse del letargo en que ha ca\u00eddo.<\/p>\n<\/p>\n<p>Las \u00c1guilas tienen pautada una rueda de prensa a las 10:00 de la ma\u00f1ana para ampliar la informaci\u00f3n, de acuerdo a la cuenta oficial del conjunto. El encuentro con los periodistas ser\u00e1 realizado en la zona de S\u00faper VIP de las grader\u00edas centrales del Estadio Cibao, seg\u00fan los datos aportados por Hern\u00e1ndez y Javier.?<\/p>\n<\/p>\n<p>Se desconoce si Tejada seguir\u00e1 como jugador activo del equipo.<\/p>\n<h6> 2015-01-09 11:00:01 <\/h6>\n<p><!--\n<link rel=\"stylesheet\" href=\"css\/bootstrap.min.css\">\n\n\n<ul class=\"pagination\">\n\t    \n\t\n\n<li >\n\t<a href='?page_no=15671'>Previous<\/a>\n\t<\/li>\n\n\n       \n    \n\n<li><a href='?page_no=1'>1<\/a><\/li>\n\n\n\n<li><a href='?page_no=2'>2<\/a><\/li>\n\n\n\n<li><a>...<\/a><\/li>\n\n\n\n<li><a href='?page_no=15670'>15670<\/a><\/li>\n\n\n\n<li><a href='?page_no=15671'>15671<\/a><\/li>\n\n\n\n<li class='active'><a>15672<\/a><\/li>\n\n\n\n<li><a href='?page_no=15673'>15673<\/a><\/li>\n\n\n\n<li><a href='?page_no=15674'>15674<\/a><\/li>\n\n\n\n<li><a>...<\/a><\/li>\n\n\n\n<li><a href='?page_no=36618'>36618<\/a><\/li>\n\n\n\n<li><a href='?page_no=36619'>36619<\/a><\/li>\n\n    \n\t\n\n<li >\n\t<a href='?page_no=15673'>Next<\/a>\n\t<\/li>\n\n\n    \n\n<li><a href='?page_no=36619'>Last &rsaquo;&rsaquo;<\/a><\/li>\n\n<\/ul>\n\n\n--><br \/>\n<\/body><\/p>\n","protected":false},"excerpt":{"rendered":"<p>Santiago RD 9 enero.- Miguel Tejada ser\u00e1 nombrado la ma\u00f1ana de este viernes como el nuevo dirigente de las \u00c1guilas. Andy Barkett fue despedido del puesto en la madrugada de hoy. La contrataci\u00f3n de Tejada como m\u00e1nager fue confiada a elCaribe por una fuente que pidi\u00f3 reserva de su nombre. Barkett fue cancelado horas despu\u00e9s [&hellip;]<\/p>\n","protected":false},"author":3,"featured_media":0,"comment_status":"open","ping_status":"open","sticky":false,"template":"","format":"standard","meta":{"footnotes":""},"categories":[17],"tags":[],"class_list":["post-199139","post","type-post","status-publish","format-standard","hentry","category-deportes"],"_links":{"self":[{"href":"https:\/\/diariodominicano.com\/index.php?rest_route=\/wp\/v2\/posts\/199139","targetHints":{"allow":["GET"]}}],"collection":[{"href":"https:\/\/diariodominicano.com\/index.php?rest_route=\/wp\/v2\/posts"}],"about":[{"href":"https:\/\/diariodominicano.com\/index.php?rest_route=\/wp\/v2\/types\/post"}],"author":[{"embeddable":true,"href":"https:\/\/diariodominicano.com\/index.php?rest_route=\/wp\/v2\/users\/3"}],"replies":[{"embeddable":true,"href":"https:\/\/diariodominicano.com\/index.php?rest_route=%2Fwp%2Fv2%2Fcomments&post=199139"}],"version-history":[{"count":0,"href":"https:\/\/diariodominicano.com\/index.php?rest_route=\/wp\/v2\/posts\/199139\/revisions"}],"wp:attachment":[{"href":"https:\/\/diariodominicano.com\/index.php?rest_route=%2Fwp%2Fv2%2Fmedia&parent=199139"}],"wp:term":[{"taxonomy":"category","embeddable":true,"href":"https:\/\/diariodominicano.com\/index.php?rest_route=%2Fwp%2Fv2%2Fcategories&post=199139"},{"taxonomy":"post_tag","embeddable":true,"href":"https:\/\/diariodominicano.com\/index.php?rest_route=%2Fwp%2Fv2%2Ftags&post=199139"}],"curies":[{"name":"wp","href":"https:\/\/api.w.org\/{rel}","templated":true}]}}