{"id":199133,"date":"2015-01-10T09:10:40","date_gmt":"2015-01-10T09:10:40","guid":{"rendered":"http:\/\/diariodominicano.ddns.net\/?p=199133"},"modified":"2015-01-10T09:10:40","modified_gmt":"2015-01-10T09:10:40","slug":"pedro-el-grande-martinez-sera-recibido-hoy-como-heroe-llegara-a-la-130-pm","status":"publish","type":"post","link":"https:\/\/diariodominicano.com\/?p=199133","title":{"rendered":"Pedro El Grande Mart\u00ednez  ser\u00e1 recibido hoy como h\u00e9roe; llegar\u00e1 a la 1:30 pm&#13;"},"content":{"rendered":"<p><body><\/p>\n<p><img decoding=\"async\" src=\"img3\/pedro 10.jpg\" \/>  <\/p>\n<p>Santo Domingo RD 10 enero.- Todo est\u00e1 preparado para el arribo al pa\u00eds de Pedro Mart\u00ednez, inmortal del Sal\u00f3n de la Fama de Cooperstown, quien ser\u00e1 recibido por una amplia comitiva encabezada por el Ministro de Turismo, Francisco Javier Garc\u00eda, as\u00ed como otros funcionarios del Gobierno, el Comit\u00e9 Ol\u00edmpico Domnicano y la Fundaci\u00f3n Pedro Mart\u00ednez.<\/p>\n<\/p>\n<p>El licenciado Javier Garc\u00eda reiter\u00f3 ayer que todo est\u00e1 listo para dar un \u00abrecibimiento de Grandes Ligas\u00bb a Pedro Mart\u00ednez,  electo el pasado martes al Sal\u00f3n de la Fama de Cooperstown.<\/p>\n<\/p>\n<p>Inform\u00f3 que Mart\u00ednez llegar\u00e1 al pa\u00eds a la una y treinta de la tarde del s\u00e1bado y ser\u00e1 recibido con una gran concentraci\u00f3n de personas en el Aeropuerto Internacional de Las Am\u00e9ricas (AILA), donde se realizar\u00e1 un encuentro con los periodistas.<\/p>\n<\/p>\n<p>A su llegada al aeropuerto el Inmortal de Cooperstown ser\u00e1 recibido en el Sal\u00f3n de Embajadores donde se reunir\u00e1 con familiares e inmediatamente hablar\u00e1 con los periodistas para luego ser recibido por una multitud que se espera le reciba en la terminal a\u00e9rea.<\/p>\n<\/p>\n<p>\u00abLe vamos a dar a Pedro El Grande el recibimiento que merece una gloria del beisbol, el mejor promotor del turismo\u00bb,  dijo Garc\u00eda al ofrecer detalles del recibimiento que organiza el Ministerio de Turismo, en coordinaci\u00f3n con  la Fundaci\u00f3n Pedro Mart\u00ednez, el Comit\u00e9 Ol\u00edmpico Dominicano y otras instituciones.<\/p>\n<\/p>\n<p>(( El recorrido<\/p>\n<p>Adem\u00e1s del recibimiento en el AILA, tambi\u00e9n incluye una gran caravana que recorrer\u00e1 las  avenidas Las Am\u00e9ricas, Alberto Caama\u00f1o  hasta llegar al malec\u00f3n, donde se har\u00e1 una parada para que el pueblo lo reciba en una tarima que ser\u00e1 habilitada en el parque Eugenio Mar\u00eda de Hostos, donde se presentar\u00e1n destacadas agrupaciones musicales.<\/p>\n<\/p>\n<p>Tras su parada en el malec\u00f3n, la caravana reanudar\u00e1 su recorrido hacia la avenida M\u00e1ximo G\u00f3mez para tomar la 27 de Febrero continuar\u00e1 por la prolongaci\u00f3n de esa avenida hasta llegar al sector San Miguel, en Manoguayabo, de donde es oriundo Mart\u00ednez, all\u00ed tambi\u00e9n habr\u00e1 una gran fiesta con varias orquestas.<\/p>\n<h6> 2015-01-10 09:10:40 <\/h6>\n<p><!--\n<link rel=\"stylesheet\" href=\"css\/bootstrap.min.css\">\n\n\n<ul class=\"pagination\">\n\t    \n\t\n\n<li >\n\t<a href='?page_no=15666'>Previous<\/a>\n\t<\/li>\n\n\n       \n    \n\n<li><a href='?page_no=1'>1<\/a><\/li>\n\n\n\n<li><a href='?page_no=2'>2<\/a><\/li>\n\n\n\n<li><a>...<\/a><\/li>\n\n\n\n<li><a href='?page_no=15665'>15665<\/a><\/li>\n\n\n\n<li><a href='?page_no=15666'>15666<\/a><\/li>\n\n\n\n<li class='active'><a>15667<\/a><\/li>\n\n\n\n<li><a href='?page_no=15668'>15668<\/a><\/li>\n\n\n\n<li><a href='?page_no=15669'>15669<\/a><\/li>\n\n\n\n<li><a>...<\/a><\/li>\n\n\n\n<li><a href='?page_no=36618'>36618<\/a><\/li>\n\n\n\n<li><a href='?page_no=36619'>36619<\/a><\/li>\n\n    \n\t\n\n<li >\n\t<a href='?page_no=15668'>Next<\/a>\n\t<\/li>\n\n\n    \n\n<li><a href='?page_no=36619'>Last &rsaquo;&rsaquo;<\/a><\/li>\n\n<\/ul>\n\n\n--><br \/>\n<\/body><\/p>\n","protected":false},"excerpt":{"rendered":"<p>Santo Domingo RD 10 enero.- Todo est\u00e1 preparado para el arribo al pa\u00eds de Pedro Mart\u00ednez, inmortal del Sal\u00f3n de la Fama de Cooperstown, quien ser\u00e1 recibido por una amplia comitiva encabezada por el Ministro de Turismo, Francisco Javier Garc\u00eda, as\u00ed como otros funcionarios del Gobierno, el Comit\u00e9 Ol\u00edmpico Domnicano y la Fundaci\u00f3n Pedro Mart\u00ednez. [&hellip;]<\/p>\n","protected":false},"author":3,"featured_media":0,"comment_status":"open","ping_status":"open","sticky":false,"template":"","format":"standard","meta":{"footnotes":""},"categories":[17],"tags":[],"class_list":["post-199133","post","type-post","status-publish","format-standard","hentry","category-deportes"],"_links":{"self":[{"href":"https:\/\/diariodominicano.com\/index.php?rest_route=\/wp\/v2\/posts\/199133","targetHints":{"allow":["GET"]}}],"collection":[{"href":"https:\/\/diariodominicano.com\/index.php?rest_route=\/wp\/v2\/posts"}],"about":[{"href":"https:\/\/diariodominicano.com\/index.php?rest_route=\/wp\/v2\/types\/post"}],"author":[{"embeddable":true,"href":"https:\/\/diariodominicano.com\/index.php?rest_route=\/wp\/v2\/users\/3"}],"replies":[{"embeddable":true,"href":"https:\/\/diariodominicano.com\/index.php?rest_route=%2Fwp%2Fv2%2Fcomments&post=199133"}],"version-history":[{"count":0,"href":"https:\/\/diariodominicano.com\/index.php?rest_route=\/wp\/v2\/posts\/199133\/revisions"}],"wp:attachment":[{"href":"https:\/\/diariodominicano.com\/index.php?rest_route=%2Fwp%2Fv2%2Fmedia&parent=199133"}],"wp:term":[{"taxonomy":"category","embeddable":true,"href":"https:\/\/diariodominicano.com\/index.php?rest_route=%2Fwp%2Fv2%2Fcategories&post=199133"},{"taxonomy":"post_tag","embeddable":true,"href":"https:\/\/diariodominicano.com\/index.php?rest_route=%2Fwp%2Fv2%2Ftags&post=199133"}],"curies":[{"name":"wp","href":"https:\/\/api.w.org\/{rel}","templated":true}]}}