{"id":199130,"date":"2015-01-10T10:12:01","date_gmt":"2015-01-10T10:12:01","guid":{"rendered":"http:\/\/diariodominicano.ddns.net\/?p=199130"},"modified":"2015-01-10T10:12:01","modified_gmt":"2015-01-10T10:12:01","slug":"mejores-pilotos-competencia-de-motovelocidad-en-la-vega","status":"publish","type":"post","link":"https:\/\/diariodominicano.com\/?p=199130","title":{"rendered":"Mejores pilotos competencia de motovelocidad en La Vega"},"content":{"rendered":"<p><body><\/p>\n<p><img decoding=\"async\" src=\"img3\/pilotos 10.jpg\" \/>  <\/p>\n<p>La  Vega RD 10 enero.- Una novedosa competencia de motovelocidad en tierra fue anunciada para ser corrida este domingo en la pista Las Mercedes.<\/p>\n<\/p>\n<p>La informaci\u00f3n fue ofrecida por Esteban Camilo Disla, organizador del evento, quien dijo que la competencia comenzar\u00e1 a las diez de la ma\u00f1ana y que ser\u00e1 en cuatro categor\u00edas.<\/p>\n<\/p>\n<p>Durante un encuentro con los participantes fueron presentados varios pilotos, entre ellos La Iguanita, Jossiel Ismaury Brito, Kelvin Garc\u00eda, Ram\u00f3n Antonio Veras (Boquita) y el Caball\u00f3n Lu\u00eds Rafael Suriel.<\/p>\n<\/p>\n<p>La pista se encuentra en Carrera de Palma, al pi\u00e9 del Santo Cerro.<\/p>\n<\/p>\n<p>Las categor\u00edas son CG para expertos, Suzuki, CG para novatos y 90cc libre, dijo Camilo Disla, agregando que los pilotos han estado entrenando en la misma pista, la cual ya ha sido acondicionada.<\/p>\n<\/p>\n<p>En la competencia, auspiciada por Talleres Industriales Camilo Disla, participar\u00e1n pilotos especializados en motovelocidad y otros de motocross, esper\u00e1ndose m\u00e1s de 50 de ellos.<\/p>\n<h6> 2015-01-10 10:12:01 <\/h6>\n<p><!--\n<link rel=\"stylesheet\" href=\"css\/bootstrap.min.css\">\n\n\n<ul class=\"pagination\">\n\t    \n\t\n\n<li >\n\t<a href='?page_no=15663'>Previous<\/a>\n\t<\/li>\n\n\n       \n    \n\n<li><a href='?page_no=1'>1<\/a><\/li>\n\n\n\n<li><a href='?page_no=2'>2<\/a><\/li>\n\n\n\n<li><a>...<\/a><\/li>\n\n\n\n<li><a href='?page_no=15662'>15662<\/a><\/li>\n\n\n\n<li><a href='?page_no=15663'>15663<\/a><\/li>\n\n\n\n<li class='active'><a>15664<\/a><\/li>\n\n\n\n<li><a href='?page_no=15665'>15665<\/a><\/li>\n\n\n\n<li><a href='?page_no=15666'>15666<\/a><\/li>\n\n\n\n<li><a>...<\/a><\/li>\n\n\n\n<li><a href='?page_no=36618'>36618<\/a><\/li>\n\n\n\n<li><a href='?page_no=36619'>36619<\/a><\/li>\n\n    \n\t\n\n<li >\n\t<a href='?page_no=15665'>Next<\/a>\n\t<\/li>\n\n\n    \n\n<li><a href='?page_no=36619'>Last &rsaquo;&rsaquo;<\/a><\/li>\n\n<\/ul>\n\n\n--><br \/>\n<\/body><\/p>\n","protected":false},"excerpt":{"rendered":"<p>La Vega RD 10 enero.- Una novedosa competencia de motovelocidad en tierra fue anunciada para ser corrida este domingo en la pista Las Mercedes. La informaci\u00f3n fue ofrecida por Esteban Camilo Disla, organizador del evento, quien dijo que la competencia comenzar\u00e1 a las diez de la ma\u00f1ana y que ser\u00e1 en cuatro categor\u00edas. Durante un [&hellip;]<\/p>\n","protected":false},"author":3,"featured_media":0,"comment_status":"open","ping_status":"open","sticky":false,"template":"","format":"standard","meta":{"footnotes":""},"categories":[17],"tags":[],"class_list":["post-199130","post","type-post","status-publish","format-standard","hentry","category-deportes"],"_links":{"self":[{"href":"https:\/\/diariodominicano.com\/index.php?rest_route=\/wp\/v2\/posts\/199130","targetHints":{"allow":["GET"]}}],"collection":[{"href":"https:\/\/diariodominicano.com\/index.php?rest_route=\/wp\/v2\/posts"}],"about":[{"href":"https:\/\/diariodominicano.com\/index.php?rest_route=\/wp\/v2\/types\/post"}],"author":[{"embeddable":true,"href":"https:\/\/diariodominicano.com\/index.php?rest_route=\/wp\/v2\/users\/3"}],"replies":[{"embeddable":true,"href":"https:\/\/diariodominicano.com\/index.php?rest_route=%2Fwp%2Fv2%2Fcomments&post=199130"}],"version-history":[{"count":0,"href":"https:\/\/diariodominicano.com\/index.php?rest_route=\/wp\/v2\/posts\/199130\/revisions"}],"wp:attachment":[{"href":"https:\/\/diariodominicano.com\/index.php?rest_route=%2Fwp%2Fv2%2Fmedia&parent=199130"}],"wp:term":[{"taxonomy":"category","embeddable":true,"href":"https:\/\/diariodominicano.com\/index.php?rest_route=%2Fwp%2Fv2%2Fcategories&post=199130"},{"taxonomy":"post_tag","embeddable":true,"href":"https:\/\/diariodominicano.com\/index.php?rest_route=%2Fwp%2Fv2%2Ftags&post=199130"}],"curies":[{"name":"wp","href":"https:\/\/api.w.org\/{rel}","templated":true}]}}