{"id":199128,"date":"2015-01-10T13:32:20","date_gmt":"2015-01-10T13:32:20","guid":{"rendered":"http:\/\/diariodominicano.ddns.net\/?p=199128"},"modified":"2015-01-10T13:32:20","modified_gmt":"2015-01-10T13:32:20","slug":"participan-en-curso-teorico-practico-sobre-defensa-moderna-en-el-juego-de-futbol","status":"publish","type":"post","link":"https:\/\/diariodominicano.com\/?p=199128","title":{"rendered":"Participan en curso te\u00f3rico-pr\u00e1ctico sobre defensa moderna en el juego de f\u00fatbol"},"content":{"rendered":"<p><body><\/p>\n<p><img decoding=\"async\" src=\"img3\/Curso.jpg\" \/>  <\/p>\n<p><span class=\"text1noticias\">Santo Domingo, RD.-M\u00e1s de 30 j\u00f3venes mujeres se dieron cita en el curso te\u00f3rico-pr\u00e1ctico sobre defensa moderna en el juego de f\u00fatbol, que imparti\u00f3 la instructora internacional alemana Margret Kratz, bajo la coordinaci\u00f3n de la Direcci\u00f3n de Fomento y Capacitaci\u00f3n del Ministerio de Deportes y Fundaci\u00f3n \u00abCaf\u00e9 con Leche\u00bb, de Caballona, Santo Domingo Oeste.<\/span><\/p>\n<\/p>\n<p><span class=\"text1noticias\">Las j\u00f3venes, muchas de ellas jugadores de f\u00fatbol, se desplazaron al  Centro Ol\u00edmpico Juan Pablo  Duarte desde provincias como La Romana, Duarte (San Francisco de Macor\u00eds), San Pedro de Macor\u00eds, Dajab\u00f3n, La Vega (Jarabacoa), San Crist\u00f3bal, Saman\u00e1, Jiman\u00ed, Hermanas Mirabal, Monte Plata (Bayaguana), Hato Mayor, Distrito Nacional, Santo Domingo y otras, en busca de captar las ense\u00f1anzas de la \u00fanica entrenadora autorizada para entrenar a hombres en Alemania, responsable de la selecci\u00f3n nacional Sub-16 y coentrenadora de la Sub-23 femeninas de su pa\u00eds.<\/span><\/p>\n<\/p>\n<p><span class=\"text1noticias\">Durante la apertura junto al ministro de Deportes, doctor Jaime David Fern\u00e1ndez Mirabal, la se\u00f1ora Kratz, una ex atleta de alto nivel que a trav\u00e9s de la FIFA y la Federaci\u00f3n Alemana de F\u00fatbol ha impartido cursos en Namibia (sur-occidente de \u00c1frica) y en Bolivia (Am\u00e9rica del Sur), dijo sentirse muy alegre y en una ocasi\u00f3n muy especial por las presencia y las palabras del ministro en el sal\u00f3n James Rodr\u00edguez del Ministerio.<\/span><\/p>\n<\/p>\n<p><span class=\"text1noticias\">Fern\u00e1ndez Mirabal indic\u00f3 que este curso responde a la pol\u00edtica b\u00e1sica del  Gobierno de capacitar cada vez m\u00e1s a las mujeres como entrenadoras y pidi\u00f3 a las presentes aprovechar la presencia de Margret Kratz, quien ha sido entrenadora por diez a\u00f1os de equipos de primera divisi\u00f3n y es instructora de deportes para seleccionar a las chicas del selectivo menores de 16 en Alemania.<\/span><\/p>\n<\/p>\n<p><span class=\"text1noticias\">Expres\u00f3 que en estos momentos la Rep\u00fablica Dominicana mantiene un impulso a la preparaci\u00f3n de mujeres entrenadoras en deportes y espera que de la presencia de la instructora le quede algo al pa\u00eds. Agradeci\u00f3 el apoyo de la  Fundaci\u00f3n \u00abCaf\u00e9 con Leche\u00bb de Caballona, Santo Domingo Oeste. Anunci\u00f3 la presencia de la ex atleta Niurka Herrera, quien organiza una Asociaci\u00f3n de Mujeres Entrenadoras y se espera que se conforme una entidad de t\u00e9cnicas de f\u00fatbol.<\/span><\/p>\n<\/p>\n<p><span class=\"text1noticias\">El reconocido y apreciado profesor Fernando Teruel, director de Fomento y Capacitaci\u00f3n del Ministerio, dijo que el curso con la dama alemana se enmarca en el inter\u00e9s puesto en marcha en el pa\u00eds por desarrollar mujeres entrenadoras, ya que muchas atletas de las selecciones nacionales tienen el inter\u00e9s y el talento para serlo, pero por falta de instrucci\u00f3n adicional no lo logran y son hombres quienes dirigen casi todas las selecciones nacionales. Explic\u00f3 que este es el primer curso del a\u00f1o dirigido a entrenadoras de f\u00fatbol.<\/span><\/p>\n<\/p>\n<p><span class=\"text1noticias\"> Junto a Kratz, Fern\u00e1ndez Mirabal y el profesor Teruel, participaron en  la apertura la se\u00f1ora Birgit Pilz, presidente en Alemania de \u00abCaf\u00e9 con Leche\u00bb, donde se captan recursos para la entidad matriz, que est\u00e1 en Caballona; Carlos Garc\u00eda, director de la entidad sin fines de lucro; y Jos\u00e9 Niethammer, traductor de Kratz y de los fundadores de \u00abCaf\u00e9 con Leche\u00bb<\/span>.<\/p>\n<\/p>\n<h6> 2015-01-10 13:32:20 <\/h6>\n<p><!--\n<link rel=\"stylesheet\" href=\"css\/bootstrap.min.css\">\n\n\n<ul class=\"pagination\">\n\t    \n\t\n\n<li >\n\t<a href='?page_no=15661'>Previous<\/a>\n\t<\/li>\n\n\n       \n    \n\n<li><a href='?page_no=1'>1<\/a><\/li>\n\n\n\n<li><a href='?page_no=2'>2<\/a><\/li>\n\n\n\n<li><a>...<\/a><\/li>\n\n\n\n<li><a href='?page_no=15660'>15660<\/a><\/li>\n\n\n\n<li><a href='?page_no=15661'>15661<\/a><\/li>\n\n\n\n<li class='active'><a>15662<\/a><\/li>\n\n\n\n<li><a href='?page_no=15663'>15663<\/a><\/li>\n\n\n\n<li><a href='?page_no=15664'>15664<\/a><\/li>\n\n\n\n<li><a>...<\/a><\/li>\n\n\n\n<li><a href='?page_no=36618'>36618<\/a><\/li>\n\n\n\n<li><a href='?page_no=36619'>36619<\/a><\/li>\n\n    \n\t\n\n<li >\n\t<a href='?page_no=15663'>Next<\/a>\n\t<\/li>\n\n\n    \n\n<li><a href='?page_no=36619'>Last &rsaquo;&rsaquo;<\/a><\/li>\n\n<\/ul>\n\n\n--><br \/>\n<\/body><\/p>\n","protected":false},"excerpt":{"rendered":"<p>Santo Domingo, RD.-M\u00e1s de 30 j\u00f3venes mujeres se dieron cita en el curso te\u00f3rico-pr\u00e1ctico sobre defensa moderna en el juego de f\u00fatbol, que imparti\u00f3 la instructora internacional alemana Margret Kratz, bajo la coordinaci\u00f3n de la Direcci\u00f3n de Fomento y Capacitaci\u00f3n del Ministerio de Deportes y Fundaci\u00f3n \u00abCaf\u00e9 con Leche\u00bb, de Caballona, Santo Domingo Oeste. Las [&hellip;]<\/p>\n","protected":false},"author":3,"featured_media":0,"comment_status":"open","ping_status":"open","sticky":false,"template":"","format":"standard","meta":{"footnotes":""},"categories":[17],"tags":[],"class_list":["post-199128","post","type-post","status-publish","format-standard","hentry","category-deportes"],"_links":{"self":[{"href":"https:\/\/diariodominicano.com\/index.php?rest_route=\/wp\/v2\/posts\/199128","targetHints":{"allow":["GET"]}}],"collection":[{"href":"https:\/\/diariodominicano.com\/index.php?rest_route=\/wp\/v2\/posts"}],"about":[{"href":"https:\/\/diariodominicano.com\/index.php?rest_route=\/wp\/v2\/types\/post"}],"author":[{"embeddable":true,"href":"https:\/\/diariodominicano.com\/index.php?rest_route=\/wp\/v2\/users\/3"}],"replies":[{"embeddable":true,"href":"https:\/\/diariodominicano.com\/index.php?rest_route=%2Fwp%2Fv2%2Fcomments&post=199128"}],"version-history":[{"count":0,"href":"https:\/\/diariodominicano.com\/index.php?rest_route=\/wp\/v2\/posts\/199128\/revisions"}],"wp:attachment":[{"href":"https:\/\/diariodominicano.com\/index.php?rest_route=%2Fwp%2Fv2%2Fmedia&parent=199128"}],"wp:term":[{"taxonomy":"category","embeddable":true,"href":"https:\/\/diariodominicano.com\/index.php?rest_route=%2Fwp%2Fv2%2Fcategories&post=199128"},{"taxonomy":"post_tag","embeddable":true,"href":"https:\/\/diariodominicano.com\/index.php?rest_route=%2Fwp%2Fv2%2Ftags&post=199128"}],"curies":[{"name":"wp","href":"https:\/\/api.w.org\/{rel}","templated":true}]}}