{"id":199127,"date":"2015-01-10T14:59:12","date_gmt":"2015-01-10T14:59:12","guid":{"rendered":"http:\/\/diariodominicano.ddns.net\/?p=199127"},"modified":"2015-01-10T14:59:12","modified_gmt":"2015-01-10T14:59:12","slug":"dominicanos-reciben-al-salon-de-la-fama-de-cooperstown-pedro-martinez","status":"publish","type":"post","link":"https:\/\/diariodominicano.com\/?p=199127","title":{"rendered":"Dominicanos reciben al Sal\u00f3n de la Fama de Cooperstown Pedro Mart\u00ednez"},"content":{"rendered":"<p><body><\/p>\n<p><img decoding=\"async\" src=\"img3\/pedro.jpg\" \/><br \/><img decoding=\"async\" src=\"img3\/martinez.jpg\" \/><br \/><img decoding=\"async\" src=\"img3\/llegada.jpg\" \/>  <\/p>\n<p><span class=\"text1noticias\">Por Henry Guti\u00e9rrez<\/span><\/p>\n<\/p>\n<p><span class=\"text1noticias\">Santo Domingo, RD, 10 de Enero.- El segundo dominicano miembro del Sal\u00f3n de la Fama de Cooperstown, Pedro Mart\u00ednez fue recibido en su pa\u00eds, en el Sal\u00f3n de Embajadores del Aeropuerto Internacional de Las Am\u00e9ricas \u00abJos\u00e9 Francisco Pe\u00f1a G\u00f3mez\u00bb.<\/span><\/p>\n<\/p>\n<p><span class=\"text1noticias\">Pedro Mart\u00ednez arrib\u00f3 por la pista del aeropuerto de las Am\u00e9ricas a las 3: 12 de la tarde, acompa\u00f1ado de su esposa Carolina Cruz y dem\u00e1s familiares, fue acogido por una comisi\u00f3n oficial por parte del Estado Dominicano e instituci\u00f3nes ligadas al deporte, principalmente al b\u00e9isbol dominicano.<\/span><\/p>\n<\/p>\n<p><span class=\"text1noticias\">Entre los que figuran: el Ministro de Turismo, Francisco Javier Garc\u00eda; el presidente del Comit\u00e9 Ol\u00edmpico Dominicano, Luis\u00edn Mej\u00eda; el viceministro de Deportes, Soterio Ram\u00edrez; El presidente de la Federaci\u00f3n Dominicana de Beisbol, H\u00e9ctor-Tito-Pereyra, entre otros.<\/span><\/p>\n<\/p>\n<p><span class=\"text1noticias\">A su llegada miles de dominicanos le rindieron un tributo al exlanzador de grandes ligas por su proeza al ser introducido a la inmortalidad. <\/span><\/p>\n<\/p>\n<p><span class=\"text1noticias\">Mientras, conjuntos de m\u00fasica t\u00edpica y ballet folkl\u00f3ricos amenizan la sala de espera del aeropuerto, para entretener a los que esperan ver a su \u00eddolo.<\/span><\/p>\n<\/p>\n<p><span class=\"text1noticias\">Miembros de la Polic\u00eda Nacional reforzaron la vigilancia en el Aeropuerto Internacional Las Am\u00e9ricas, donde se han aglomerado cientos de personas a esperar la llegada del exserpentinero criollo.<\/span><\/p>\n<\/p>\n<p><span class=\"text1noticias\">Adem\u00e1s el astro de Manoguayabo ofreci\u00f3 una rueda de prensa, donde agradeci\u00f3 a Dios, a sus familiares y al pueblo dominicano por el respaldo que le han brindado.<\/span><\/p>\n<\/p>\n<p><span class=\"text1noticias\">La llegada de Pedro el Grande debi\u00f3 producirse a las 1:30 de la tarde, pero debido retraso en el avi\u00f3n a causa nevadas en Boston, se prev\u00e9 que ser\u00eda alrededor de 3:00 la llegada de Pedro Mart\u00ednez.<\/span><\/p>\n<\/p>\n<p><span class=\"text1noticias\">La mesa principal Pedro estuvo acompa\u00f1ado de su esposa, Carolina cruz; su madre, Leopoldina Mart\u00ednez y del tambien su hermano el exlanzador, Ram\u00f3n Mart\u00ednez.<\/span><\/p>\n<\/p>\n<p><span class=\"text1noticias\">De su lado, Francisco Javier Garc\u00eda, Francisco Javier Garc\u00eda, adem\u00e1s de considerar a Mart\u00ednez como \u00abun gran s\u00edmbolo nacional\u00bb, reconoci\u00f3 que la imagen del beisbolista tambi\u00e9n representa una oportunidad de promoci\u00f3n tur\u00edstica.<\/span><\/p>\n<\/p>\n<p><span class=\"text1noticias\">\u00abQu\u00e9 mejor promoci\u00f3n para Rep\u00fablica Dominicana y el turismo que la exaltaci\u00f3n al Sal\u00f3n de la Fama de nuestro Pedro Mart\u00ednez\u00bb, enfatiz\u00f3 el funcionario en un comunicado.<\/span><\/p>\n<\/p>\n<p><span class=\"text1noticias\">La conferencia de prensa que Mart\u00ednez fue trasladada desde la terminal a\u00e9rea en una caravana multitudinaria de m\u00e1s de 30 kil\u00f3metros al parque Eugenio Mar\u00eda de Hostos (Malec\u00f3n), en la avenuida George Washington de la Capital  un c\u00e9ntrico parque de Santo Domingo, donde se espera la concentraci\u00f3n de miles de personas.<\/span><\/p>\n<\/p>\n<p><span class=\"text1noticias\">Mart\u00ednez destac\u00f3 la crianza recibida por su familia, especialmente de su madre, Leopoldina, lo que seg\u00fan el astro dominicano lo mantuvo lejos del consumo de esteroides durante una etapa del b\u00e9isbol estadounidense plagado de esos casos.<\/span><\/p>\n<\/p>\n<p><span class=\"text1noticias\">\u00abNadie tiene en las Grandes Ligas (dinero) para comprarme el apellido Mart\u00ednez en la espalda, por eso no escog\u00ed el camino sucio&#8230; Hoy mis hijos no deben bajar la cabeza\u00bb, afirm\u00f3.<\/span><\/p>\n<\/p>\n<p><span class=\"text1noticias\">\u00abEste es el mejor recibimiento que me pod\u00edan dar. Agradezco a todo el pueblo dominicano que apoy\u00f3 mi carrera y que ahora me da la mayor alegr\u00eda que pod\u00eda tener y era celebrar uno de mis triunfos en el pa\u00eds, algo que nunca hab\u00eda podido hacer. Esta (elecci\u00f3n) al Sal\u00f3n de la Fama es de todo el pueblo, no es solo de Pedro Mart\u00ednez\u00bb, dijo el tres veces ganador del Cy Young. <\/span><\/p>\n<\/p>\n<p><span class=\"text1noticias\">\u00abDec\u00edan que (Mart\u00ednez) era muy chiquito y esos s\u00ed que no saben nada; ahora Pedro est\u00e1 en Cooperstown\u00bb, cantaba Johnny Ventura, coreado por las cientos de personas que esperaron m\u00e1s de cuatro horas bajo el intenso sol caribe\u00f1o para ver a la estrella del b\u00e9isbol, cuyo vuelo proveniente de Nueva York se hab\u00eda retrasado debido a las nevadas en esa ciudad.<\/span><\/p>\n<\/p>\n<p><span class=\"text1noticias\">\u00abPuedo decirle al pueblo dominicano que misi\u00f3n cumplida, este premio es de todos\u00bb, dijo el ex jugador durante una conferencia de prensa realizada en la terminal a\u00e9rea poco despu\u00e9s de llegar al pa\u00eds, con alrededor de una hora de retraso, procedente de Estados Unidos.<\/span><\/p>\n<\/p>\n<p><span class=\"text1noticias\">\u00abEl cambio a Montreal (tras la campa\u00f1a de 1997) fue un punto de motivaci\u00f3n en mi carrera. Recuerdo que llor\u00e9 mucho cuando me enter\u00e9 del cambio, pero mi hermano Ram\u00f3n (pitcher con los Dodgers) me dijo que me fuera a trabajar y que me olvidara de todo lo dem\u00e1s, eso me oblig\u00f3 a trabajar m\u00e1s duro para demostrar lo que pod\u00eda hacer\u00bb, record\u00f3 Mart\u00ednez.<\/span><\/p>\n<\/p>\n<p><strong><span class=\"text1noticias\">Pr\u00f3ximo Sal\u00f3n de la Fama<\/span><\/strong><\/p>\n<\/p>\n<p><span class=\"text1noticias\">\u00abEsto es s\u00f3lo el calentamiento\u00bb, dijo Mart\u00ednez ante cientos de personas en referencia a que espera que en el futuro cercano habr\u00e1 m\u00e1s dominicanos en el Sal\u00f3n de la Fama.<\/span><\/p>\n<\/p>\n<p><span class=\"text1noticias\">Mart\u00ednez dijo hoy que su compatriota Vladimir Guerrero, actualmente agente libre, ser\u00e1 el pr\u00f3ximo dominicano en alcanzar el Sal\u00f3n de la Fama del B\u00e9isbol de Estados Unidos, seguido por David Ortiz, de los Medias Rojas de Boston, y Albert Pujols, primera base de los Angelinos de Anaheim, otros dos dominicanos que brillan en Grandes Ligas.<\/span><\/p>\n<\/p>\n<p><strong><span class=\"text1noticias\">Caravana<\/span><\/strong><\/p>\n<\/p>\n<p><span class=\"text1noticias\">Por la noche, Mart\u00ednez se traslad\u00f3 a su natal Manoguayabo, al Oeste de la capital, donde unas 10 orquestas tienen previsto participar en una fiesta al aire libre para recibirlo.<\/span><\/p>\n<\/p>\n<p><span class=\"text1noticias\">Sentado en el toldo de un veh\u00edculo todo terreno y ondeando banderas dominicanas, Mart\u00ednez salud\u00f3 a los cientos de personas que se apostaron a lo largo de la autopista para verlo pasar y fotografiarlo.<\/span><\/p>\n<\/p>\n<p><strong><span class=\"text1noticias\">Fiesta<\/span><\/strong><\/p>\n<\/p>\n<p><span class=\"text1noticias\">Mart\u00ednez subi\u00f3 al escenario instalado en una c\u00e9ntrica plaza p\u00fablica del malec\u00f3n, ataviado con una bandera dominicana y acompa\u00f1ado por los peloteros David Ortiz y Robinson Can\u00f3.<\/span><\/p>\n<\/p>\n<p><span class=\"text1noticias\">En la tarima, el reconocido merenguero Johnny Ventura interpretaba algunos \u00e9xitos e improvisaba letras de merengue para elogiar al lanzador que en 2004 contribuy\u00f3 al triunfo de los Medias Rojas en la Serie Mundial, poniendo fin a un sequ\u00eda de 86 a\u00f1os.<\/span><\/p>\n<\/p>\n<p><span class=\"text1noticias\">Por la noche, Mart\u00ednez se traslad\u00f3 a su natal Manoguayabo, al Oeste de la capital, donde unas 10 orquestas tienen previsto participar en una fiesta al aire libre para recibirlo.<\/span><\/p>\n<\/p>\n<p><span class=\"text1noticias\">Mart\u00ednez, de 43 a\u00f1os, fue elegido el 6 de enero, con el 91 % de los votos emitidos en su primera nominaci\u00f3n, junto a Randy Johnson, John Smoltz y Craig Biggio.  Los cuatro ser\u00e1n inducidos el 26 de julio en una ceremonia que se celebrar\u00e1 en el Sal\u00f3n la Fama en el poblado neoyorquino de Cooperstown.<\/span><\/p>\n<\/p>\n<p><span class=\"text1noticias\">El lanzador dominicano fue seleccionado luego de haber participado en 18 temporadas de Grandes Ligas, siete de ellas con los Medias Rojas de Boston (1997-2004), de haber obtenido tres premios Cy Young, haber sido nombrado Jugador M\u00e1s Valioso en 1999 y haber contribuido en el triunfo de su equipo en la Serie Mundial de 2004.<\/span><\/p>\n<\/p>\n<p><span class=\"text1noticias\">Mart\u00ednez tuvo marca de 219-10 y 2.93 de efectividad, con los Dodgers de Los \u00c1ngeles, Expos de Montreal, Medias Rojas de Boston, Mets de Nueva York y Filis de Filadelfia.<\/span><\/p>\n<\/p>\n<p><span class=\"text1noticias\">El lanzador dominicano fue seleccionado luego de haber participado en 18 temporadas de Grandes Ligas, siete de ellas con los Medias Rojas de Boston (1997-2004), de haber obtenido tres premios Cy Young, haber sido nombrado Jugador M\u00e1s Valioso en 1999 y haber contribuido en el triunfo de su equipo en la Serie Mundial de 2004<\/span>.<\/p>\n<\/p>\n<\/p>\n<h6> 2015-01-10 14:59:12 <\/h6>\n<p><!--\n<link rel=\"stylesheet\" href=\"css\/bootstrap.min.css\">\n\n\n<ul class=\"pagination\">\n\t    \n\t\n\n<li >\n\t<a href='?page_no=15660'>Previous<\/a>\n\t<\/li>\n\n\n       \n    \n\n<li><a href='?page_no=1'>1<\/a><\/li>\n\n\n\n<li><a href='?page_no=2'>2<\/a><\/li>\n\n\n\n<li><a>...<\/a><\/li>\n\n\n\n<li><a href='?page_no=15659'>15659<\/a><\/li>\n\n\n\n<li><a href='?page_no=15660'>15660<\/a><\/li>\n\n\n\n<li class='active'><a>15661<\/a><\/li>\n\n\n\n<li><a href='?page_no=15662'>15662<\/a><\/li>\n\n\n\n<li><a href='?page_no=15663'>15663<\/a><\/li>\n\n\n\n<li><a>...<\/a><\/li>\n\n\n\n<li><a href='?page_no=36618'>36618<\/a><\/li>\n\n\n\n<li><a href='?page_no=36619'>36619<\/a><\/li>\n\n    \n\t\n\n<li >\n\t<a href='?page_no=15662'>Next<\/a>\n\t<\/li>\n\n\n    \n\n<li><a href='?page_no=36619'>Last &rsaquo;&rsaquo;<\/a><\/li>\n\n<\/ul>\n\n\n--><br \/>\n<\/body><\/p>\n","protected":false},"excerpt":{"rendered":"<p>Por Henry Guti\u00e9rrez Santo Domingo, RD, 10 de Enero.- El segundo dominicano miembro del Sal\u00f3n de la Fama de Cooperstown, Pedro Mart\u00ednez fue recibido en su pa\u00eds, en el Sal\u00f3n de Embajadores del Aeropuerto Internacional de Las Am\u00e9ricas \u00abJos\u00e9 Francisco Pe\u00f1a G\u00f3mez\u00bb. Pedro Mart\u00ednez arrib\u00f3 por la pista del aeropuerto de las Am\u00e9ricas a las [&hellip;]<\/p>\n","protected":false},"author":3,"featured_media":0,"comment_status":"open","ping_status":"open","sticky":false,"template":"","format":"standard","meta":{"footnotes":""},"categories":[17],"tags":[],"class_list":["post-199127","post","type-post","status-publish","format-standard","hentry","category-deportes"],"_links":{"self":[{"href":"https:\/\/diariodominicano.com\/index.php?rest_route=\/wp\/v2\/posts\/199127","targetHints":{"allow":["GET"]}}],"collection":[{"href":"https:\/\/diariodominicano.com\/index.php?rest_route=\/wp\/v2\/posts"}],"about":[{"href":"https:\/\/diariodominicano.com\/index.php?rest_route=\/wp\/v2\/types\/post"}],"author":[{"embeddable":true,"href":"https:\/\/diariodominicano.com\/index.php?rest_route=\/wp\/v2\/users\/3"}],"replies":[{"embeddable":true,"href":"https:\/\/diariodominicano.com\/index.php?rest_route=%2Fwp%2Fv2%2Fcomments&post=199127"}],"version-history":[{"count":0,"href":"https:\/\/diariodominicano.com\/index.php?rest_route=\/wp\/v2\/posts\/199127\/revisions"}],"wp:attachment":[{"href":"https:\/\/diariodominicano.com\/index.php?rest_route=%2Fwp%2Fv2%2Fmedia&parent=199127"}],"wp:term":[{"taxonomy":"category","embeddable":true,"href":"https:\/\/diariodominicano.com\/index.php?rest_route=%2Fwp%2Fv2%2Fcategories&post=199127"},{"taxonomy":"post_tag","embeddable":true,"href":"https:\/\/diariodominicano.com\/index.php?rest_route=%2Fwp%2Fv2%2Ftags&post=199127"}],"curies":[{"name":"wp","href":"https:\/\/api.w.org\/{rel}","templated":true}]}}