{"id":199126,"date":"2015-01-11T07:57:32","date_gmt":"2015-01-11T07:57:32","guid":{"rendered":"http:\/\/diariodominicano.ddns.net\/?p=199126"},"modified":"2015-01-11T07:57:32","modified_gmt":"2015-01-11T07:57:32","slug":"miles-de-personas-vistorearon-a-pedro-martinez","status":"publish","type":"post","link":"https:\/\/diariodominicano.com\/?p=199126","title":{"rendered":"&#13; Miles de personas vistorearon a Pedro Mart\u00ednez &#13;"},"content":{"rendered":"<p><body><\/p>\n<p><img decoding=\"async\" src=\"img3\/otra 11.jpeg\" \/><br \/><img decoding=\"async\" src=\"img3\/llega 11.jpeg\" \/>  <\/p>\n<p>Aeropuerto Internacional Las Am\u00e9ricas, RD 11 enero.- El vuelo especial que le trajo al pa\u00eds, previsto para arribar a esta terminal a la 1:30 de la tarde, toc\u00f3 suelo dominicano con un atraso de casi dos horas (3:12) debido a la nevada que se registra en la ciudad de Nueva York y gran parte de Estados Unidos.<\/p>\n<\/p>\n<p>Esto en nada afect\u00f3 la dimensi\u00f3n de la fiesta que \u00e9l solicit\u00f3 y que desde tempranas horas ya se vislumbrada en el aeropuerto, donde cientos de personas aguardaron para darle la bienvenida.<\/p>\n<\/p>\n<p>Al bajar del avi\u00f3n, impecablemente vestido, radiante de alegr\u00eda y ondeando la bandera nacional, Pedro Mart\u00ednez fue recibido por una comisi\u00f3n integrada por el Ministro de Turismo, Francisco Javier Garc\u00eda, responsable de organizar el gran recibimiento al h\u00e9roe deportivo. Al pie de la nave tambi\u00e9n estaban su madre Leopoldina, su hermano Ram\u00f3n Mart\u00ednez, el presidente del Comit\u00e9 Ol\u00edmpico Dominicano, Luis Mej\u00eda Oviedo, Soterio Ram\u00edrez, vice viceministro de Deportes, y Yolanda Ma\u00f1\u00e1n, gerente de Comunicaciones de Aerodom, y el titular del Pabell\u00f3n de la Fama del Deporte Dominicano, Luis Sheker Ortiz, entre otros.<\/p>\n<\/p>\n<p>Luego de los saludos, abrazos y felicitaciones, Mart\u00ednez, en un gesto que mostr\u00f3 que su grandeza humana no est\u00e1 detr\u00e1s de la que ten\u00eda el lanzador que cada cinco d\u00edas paralizaba al pa\u00eds (\u00abhoy picha Pedro\u00bb), rompi\u00f3 el protocolo y se desvi\u00f3 para saludar uno por uno a los miembros de la Polic\u00eda Nacional y de Cuerpo Especializado de Seguridad Aeroportuaria que desde el filo de las doce del mediod\u00eda prestaban servicios en la rama de esta terminal.<\/p>\n<\/p>\n<p>\u00abEllos estaban de espalda cumpliendo \u00f3rdenes, pero quer\u00eda que tambi\u00e9n formaran parte de esta celebraci\u00f3n\u00bb, expres\u00f3 luego en la rueda de prensa realizada en el Sal\u00f3n Gubermantal, donde fue recibido con el emblem\u00e1tico tema de Fernando Villalona \u00abDominicano Soy\u00bb e hizo el baile del domin\u00f3 tal y como lo ejecuta el popular artista. Al salir de all\u00ed en una Hummer blanca descapotada, la celebraci\u00f3n continu\u00f3 con una extensa hilera de veh\u00edculos por toda la avenida Las Am\u00e9ricas. Los v\u00edtores y muestras de cari\u00f1o fueron en aumento a su paso por los barrios La Caleta, La Ure\u00f1a y Los Frailes.<\/p>\n<\/p>\n<p>La gente se agolp\u00f3 a la orilla de la v\u00eda y los puentes peatonales para verlo y saludarlo aunque fuere a la distancia.<\/p>\n<\/p>\n<p>\u00abPara m\u00ed es un gran honor poder disfrutarlo con toda Rep\u00fablica Dominicana, con Latinoamericana, con el mundo porque yo s\u00e9 que el mundo entero ha tenido en un determinado momento su pausa para ver qu\u00e9 pasa con Pedro\u00bb, enfatiz\u00f3 Mart\u00ednez, quien ser\u00e1 ingresado a Coopertown el 26 de julio de este a\u00f1o.<\/p>\n<\/p>\n<p>La caravana hizo una parada a prima noche en la Plaza Juan Bar\u00f3n, del Malec\u00f3n, donde un mar humano le esperaba.<\/p>\n<\/p>\n<p>En la tarima, se dio un gran abrazo con David Ortiz, Robinson Can\u00f3 y Vladimir Guerrero, tres potenciales inmortales. La bienvenida musical la dio Johnny Ventura y Los Potros y el ambiente se encendi\u00f3 (\u00ab\u00a1Aj\u00e1..te dije que aj\u00e1!\u00bb).<\/p>\n<\/p>\n<p>El desfile culmin\u00f3 en su barrio San Miguel, Manoguayabo, donde el rumb\u00f3n alcanz\u00f3 su climax hasta altas horas de la madrugada con la presentaci\u00f3n de To\u00f1o Rosario, El Torito y Anthony Santos (\u00a1\u00bbQuiero roomoooo!\u00bb), entre otros.<\/p>\n<\/p>\n<h6> 2015-01-11 07:57:32 <\/h6>\n<p><!--\n<link rel=\"stylesheet\" href=\"css\/bootstrap.min.css\">\n\n\n<ul class=\"pagination\">\n\t    \n\t\n\n<li >\n\t<a href='?page_no=15659'>Previous<\/a>\n\t<\/li>\n\n\n       \n    \n\n<li><a href='?page_no=1'>1<\/a><\/li>\n\n\n\n<li><a href='?page_no=2'>2<\/a><\/li>\n\n\n\n<li><a>...<\/a><\/li>\n\n\n\n<li><a href='?page_no=15658'>15658<\/a><\/li>\n\n\n\n<li><a href='?page_no=15659'>15659<\/a><\/li>\n\n\n\n<li class='active'><a>15660<\/a><\/li>\n\n\n\n<li><a href='?page_no=15661'>15661<\/a><\/li>\n\n\n\n<li><a href='?page_no=15662'>15662<\/a><\/li>\n\n\n\n<li><a>...<\/a><\/li>\n\n\n\n<li><a href='?page_no=36618'>36618<\/a><\/li>\n\n\n\n<li><a href='?page_no=36619'>36619<\/a><\/li>\n\n    \n\t\n\n<li >\n\t<a href='?page_no=15661'>Next<\/a>\n\t<\/li>\n\n\n    \n\n<li><a href='?page_no=36619'>Last &rsaquo;&rsaquo;<\/a><\/li>\n\n<\/ul>\n\n\n--><br \/>\n<\/body><\/p>\n","protected":false},"excerpt":{"rendered":"<p>Aeropuerto Internacional Las Am\u00e9ricas, RD 11 enero.- El vuelo especial que le trajo al pa\u00eds, previsto para arribar a esta terminal a la 1:30 de la tarde, toc\u00f3 suelo dominicano con un atraso de casi dos horas (3:12) debido a la nevada que se registra en la ciudad de Nueva York y gran parte de [&hellip;]<\/p>\n","protected":false},"author":3,"featured_media":0,"comment_status":"open","ping_status":"open","sticky":false,"template":"","format":"standard","meta":{"footnotes":""},"categories":[17],"tags":[],"class_list":["post-199126","post","type-post","status-publish","format-standard","hentry","category-deportes"],"_links":{"self":[{"href":"https:\/\/diariodominicano.com\/index.php?rest_route=\/wp\/v2\/posts\/199126","targetHints":{"allow":["GET"]}}],"collection":[{"href":"https:\/\/diariodominicano.com\/index.php?rest_route=\/wp\/v2\/posts"}],"about":[{"href":"https:\/\/diariodominicano.com\/index.php?rest_route=\/wp\/v2\/types\/post"}],"author":[{"embeddable":true,"href":"https:\/\/diariodominicano.com\/index.php?rest_route=\/wp\/v2\/users\/3"}],"replies":[{"embeddable":true,"href":"https:\/\/diariodominicano.com\/index.php?rest_route=%2Fwp%2Fv2%2Fcomments&post=199126"}],"version-history":[{"count":0,"href":"https:\/\/diariodominicano.com\/index.php?rest_route=\/wp\/v2\/posts\/199126\/revisions"}],"wp:attachment":[{"href":"https:\/\/diariodominicano.com\/index.php?rest_route=%2Fwp%2Fv2%2Fmedia&parent=199126"}],"wp:term":[{"taxonomy":"category","embeddable":true,"href":"https:\/\/diariodominicano.com\/index.php?rest_route=%2Fwp%2Fv2%2Fcategories&post=199126"},{"taxonomy":"post_tag","embeddable":true,"href":"https:\/\/diariodominicano.com\/index.php?rest_route=%2Fwp%2Fv2%2Ftags&post=199126"}],"curies":[{"name":"wp","href":"https:\/\/api.w.org\/{rel}","templated":true}]}}