{"id":199113,"date":"2015-01-12T16:19:13","date_gmt":"2015-01-12T16:19:13","guid":{"rendered":"http:\/\/diariodominicano.ddns.net\/?p=199113"},"modified":"2015-01-12T16:19:13","modified_gmt":"2015-01-12T16:19:13","slug":"deportes-dice-plan-nacional-de-desarrollo-deportivo-es-una-prioridad","status":"publish","type":"post","link":"https:\/\/diariodominicano.com\/?p=199113","title":{"rendered":"Deportes dice Plan Nacional de Desarrollo Deportivo es una prioridad"},"content":{"rendered":"<p><body><\/p>\n<p><img decoding=\"async\" src=\"img3\/Jaime.jpg\" \/>  <\/p>\n<p><span class=\"text1noticias\">Santo Domingo, RD, 12 de enero.-El ministro de Deportes, doctor Jaime David Fern\u00e1ndez Mirabal, consider\u00f3 que el Plan Nacional de Desarrollo Deportivo a 10 a\u00f1os es una prioridad para esa instituci\u00f3n y anunci\u00f3 que se est\u00e1n dando los pasos para darlo a conocer pr\u00f3ximamente a todo el pa\u00eds.<\/span><\/p>\n<\/p>\n<p><span class=\"text1noticias\">En ese sentido, adelanta que se ha reunido en estos d\u00edas con el presidente del Comit\u00e9 Ol\u00edmpico Dominicano (COD), licenciado Luis\u00edn Mej\u00eda para trazar una meta de c\u00f3mo avanzar en temas que se han quedado atr\u00e1s.<\/span><\/p>\n<\/p>\n<p><span class=\"text1noticias\">Al ser entrevistado en \u00abContacto Deportivo\u00bb,  Fern\u00e1ndez Mirabal record\u00f3 que desde el principio el Ministerio se reuni\u00f3 y traz\u00f3 un plan con el COD para  elaborar un verdadero plan de desarrollo, pero que por  algunos inconvenientes eso no se pudo concretar.<\/span><\/p>\n<\/p>\n<p><span class=\"text1noticias\">\u00abCuando llegamos no exist\u00eda un plan, ni en el COD ni en el Ministerio, pero Luis\u00edn me dijo que se estaba estructurando, comenzamos a trabajarlo  en conjunto y en estos momentos estamos muy avanzados\u00bb, explic\u00f3.<\/span><\/p>\n<\/p>\n<p><span class=\"text1noticias\">Refiere que fueron convocadas alas alcald\u00edas, los colegios de ingenieros, las universidades, todos los actores que interact\u00faan en  el deporte para trabajar en ese plan a 10 a\u00f1os, que estaba bastante afinado y que ahora en el 2015 se dar\u00e1 a conocer, pero indic\u00f3 que el mismo debe ser enriquecido.<\/span><\/p>\n<\/p>\n<p><span class=\"text1noticias\">Rechaz\u00f3 que en el pa\u00eds no haya desarrollo deportivo. \u00abEl que dice que no hay desarrollo deportivo es porque no puede ver, el deporte es una criatura en permanente crecimiento\u00bb, dijo.<\/span><\/p>\n<\/p>\n<p><span class=\"text1noticias\">Relat\u00f3 que hay muchas cosas por hacer y pocos recursos, e indic\u00f3  que no puedo ofrecer lo que no tiene porque no le gusta la demagogia.<\/span><\/p>\n<\/p>\n<p><span class=\"text1noticias\">Asimismo, precis\u00f3 que desde que lleg\u00f3 al Ministerio le solicit\u00f3 a las federaciones deportivas presentar un plan a un a\u00f1o, mediano a cuatro a\u00f1os y largo a 10 a\u00f1os y que muy pocos cumplieron con esos requisitos.<\/span><\/p>\n<\/p>\n<p><span class=\"text1noticias\">\u00abEl hecho de que no podamos planificar nos crea dificultad porque usted hace un plan de acuerdo a su medida para arroparse hasta donde la sabana  alcance\u00bb, detall\u00f3.<\/span><\/p>\n<\/p>\n<p><span class=\"text1noticias\">El ministro de Deportes aprovech\u00f3 para desmentir que mientras Pedro Mart\u00ednez era recibido para tributarle honor por su elecci\u00f3n al Sal\u00f3n de la Fama de Cooperstown, \u00e9l se encontraba disfrutando de un ba\u00f1o, indicando que esa gr\u00e1fica data de hace tres a\u00f1os cuando estuvo en el balneario de \u00abEl Cach\u00f3n de la Rubia\u00bb, para protestar  para que la Barquita no fuera trasladada a ese lugar por entender que contaminaba el medio ambiente.<\/span><\/p>\n<\/p>\n<p><span class=\"text1noticias\">Juegos Nacionales<\/span><\/p>\n<\/p>\n<p><span class=\"text1noticias\">En cuanto a los Juegos Nacionales plante\u00f3 que en su gesti\u00f3n no han sido contemplados y dijo que deben ser el  resultado de un consenso y de un trabajo.<\/span><\/p>\n<\/p>\n<p><span class=\"text1noticias\">\u00abPropusimos una planificaci\u00f3n, los juegos nacionales deben ser un proceso de discusi\u00f3n, yo estoy educado en otra cultura, la planificaci\u00f3n, el orden, la disciplina y los resultados son mis aliados.<\/span><\/p>\n<\/p>\n<p><span class=\"text1noticias\">A\u00f1adi\u00f3 que tiene que haber un consenso para que se celebren en el 2017 y se\u00f1al\u00f3 que es el presidente de la Rep\u00fablica el que tiene la \u00faltima palabra.<\/span><\/p>\n<\/p>\n<p><span class=\"text1noticias\">\u00abEn el 2013 hicimos los Juegos del Fomento, en 2014 los Juegos Municipales y ahora en e l 2015 trabajamos para los Juegos Provinciales en San Jos\u00e9 de Ocoa, Mar\u00eda Trinidad  S\u00e1nchez,  en Pedernales y luego haremos los Juegos Duartianos\u00bb.<\/span><\/p>\n<\/p>\n<p><span class=\"text1noticias\">Las instalaciones<\/span><\/p>\n<\/p>\n<p><span class=\"text1noticias\">En cuanto a la mejor\u00eda de las instalaciones deportivas, el ministro de Deportes considera que  mediante un acuerdo con el Grupo Corripio se han logrado mejorar muchas obras.<\/span><\/p>\n<\/p>\n<p><span class=\"text1noticias\">Sostiene que debe haber un Ministerio \u00fanico que se llame: Ministerio de Educaci\u00f3n, Deporte, cultura y Juventud, uno solo que agrupe a esos cuatro grandes sectores, con su presupuesto pero bajo una direccionalidad, algo que a su juicio, por razones pol\u00edticas, son cuatro.<\/span><\/p>\n<\/p>\n<p><span class=\"text1noticias\">Fern\u00e1ndez Mirabal valor\u00f3 tambi\u00e9n el esfuerzo de los atletas en los pasados Juegos Centroamericanos de Veracruz, pero indica que no qued\u00f3 satisfecho porque tanto el Ministerio como el COD y las federaciones esperaban mejores resultados.<\/span><\/p>\n<\/p>\n<p><span class=\"text1noticias\">Asimismo, sostuvo que El Programa de Apoyo al Deporte (PADE) ha sido reformulado con uno que se llama: Escuela y Deportes y que mediante una alianza con el INEFI lo est\u00e1n impulsando.<\/span><\/p>\n<\/p>\n<p><span class=\"text1noticias\">\u00abObedecemos a una propuesta del programa de gobierno de Danilo medina que tiene  cuatro ejes fundamentales, m\u00e1s deporte escolar y universitario, mejorar las condiciones del alto rendimiento, mejorar las instalaciones deportivas y m\u00e1s deportes en la frontera\u00bb, precisa.<\/span><\/p>\n<\/p>\n<p><span class=\"text1noticias\">Revel\u00f3 que el deporte en la frontera es uno de los elementos esenciales en el programa de gobierno del presidente Danilo Medina.<\/span><\/p>\n<\/p>\n<p><span class=\"text1noticias\">Dijo adem\u00e1s que tiene tres ejes transversales: m\u00e1s mujeres a todos los niveles en los deportes, m\u00e1s deporte inclusivo y m\u00e1s capacitaci\u00f3n y organizaci\u00f3n social<\/span>.<\/p>\n<\/p>\n<h6> 2015-01-12 16:19:13 <\/h6>\n<p><!--\n<link rel=\"stylesheet\" href=\"css\/bootstrap.min.css\">\n\n\n<ul class=\"pagination\">\n\t    \n\t\n\n<li >\n\t<a href='?page_no=15648'>Previous<\/a>\n\t<\/li>\n\n\n       \n    \n\n<li><a href='?page_no=1'>1<\/a><\/li>\n\n\n\n<li><a href='?page_no=2'>2<\/a><\/li>\n\n\n\n<li><a>...<\/a><\/li>\n\n\n\n<li><a href='?page_no=15647'>15647<\/a><\/li>\n\n\n\n<li><a href='?page_no=15648'>15648<\/a><\/li>\n\n\n\n<li class='active'><a>15649<\/a><\/li>\n\n\n\n<li><a href='?page_no=15650'>15650<\/a><\/li>\n\n\n\n<li><a href='?page_no=15651'>15651<\/a><\/li>\n\n\n\n<li><a>...<\/a><\/li>\n\n\n\n<li><a href='?page_no=36618'>36618<\/a><\/li>\n\n\n\n<li><a href='?page_no=36619'>36619<\/a><\/li>\n\n    \n\t\n\n<li >\n\t<a href='?page_no=15650'>Next<\/a>\n\t<\/li>\n\n\n    \n\n<li><a href='?page_no=36619'>Last &rsaquo;&rsaquo;<\/a><\/li>\n\n<\/ul>\n\n\n--><br \/>\n<\/body><\/p>\n","protected":false},"excerpt":{"rendered":"<p>Santo Domingo, RD, 12 de enero.-El ministro de Deportes, doctor Jaime David Fern\u00e1ndez Mirabal, consider\u00f3 que el Plan Nacional de Desarrollo Deportivo a 10 a\u00f1os es una prioridad para esa instituci\u00f3n y anunci\u00f3 que se est\u00e1n dando los pasos para darlo a conocer pr\u00f3ximamente a todo el pa\u00eds. En ese sentido, adelanta que se ha [&hellip;]<\/p>\n","protected":false},"author":3,"featured_media":0,"comment_status":"open","ping_status":"open","sticky":false,"template":"","format":"standard","meta":{"footnotes":""},"categories":[17],"tags":[],"class_list":["post-199113","post","type-post","status-publish","format-standard","hentry","category-deportes"],"_links":{"self":[{"href":"https:\/\/diariodominicano.com\/index.php?rest_route=\/wp\/v2\/posts\/199113","targetHints":{"allow":["GET"]}}],"collection":[{"href":"https:\/\/diariodominicano.com\/index.php?rest_route=\/wp\/v2\/posts"}],"about":[{"href":"https:\/\/diariodominicano.com\/index.php?rest_route=\/wp\/v2\/types\/post"}],"author":[{"embeddable":true,"href":"https:\/\/diariodominicano.com\/index.php?rest_route=\/wp\/v2\/users\/3"}],"replies":[{"embeddable":true,"href":"https:\/\/diariodominicano.com\/index.php?rest_route=%2Fwp%2Fv2%2Fcomments&post=199113"}],"version-history":[{"count":0,"href":"https:\/\/diariodominicano.com\/index.php?rest_route=\/wp\/v2\/posts\/199113\/revisions"}],"wp:attachment":[{"href":"https:\/\/diariodominicano.com\/index.php?rest_route=%2Fwp%2Fv2%2Fmedia&parent=199113"}],"wp:term":[{"taxonomy":"category","embeddable":true,"href":"https:\/\/diariodominicano.com\/index.php?rest_route=%2Fwp%2Fv2%2Fcategories&post=199113"},{"taxonomy":"post_tag","embeddable":true,"href":"https:\/\/diariodominicano.com\/index.php?rest_route=%2Fwp%2Fv2%2Ftags&post=199113"}],"curies":[{"name":"wp","href":"https:\/\/api.w.org\/{rel}","templated":true}]}}