{"id":199108,"date":"2015-01-13T08:59:03","date_gmt":"2015-01-13T08:59:03","guid":{"rendered":"http:\/\/diariodominicano.ddns.net\/?p=199108"},"modified":"2015-01-13T08:59:03","modified_gmt":"2015-01-13T08:59:03","slug":"sigue-incierta-la-asistencia-de-cubanos-a-serie-del-caribe","status":"publish","type":"post","link":"https:\/\/diariodominicano.com\/?p=199108","title":{"rendered":"Sigue incierta la asistencia de cubanos a Serie del Caribe"},"content":{"rendered":"<p><body><\/p>\n<p><img decoding=\"async\" src=\"img3\/puello 13.jpeg\" \/>  <\/p>\n<p>Santo Domingo RD 13 enero.- Cada vez son m\u00e1s remotas las posibilidades de que la selecci\u00f3n de b\u00e9isbol de Cuba pueda participar en la Serie del Caribe, evento previsto a celebrarse este a\u00f1o en el estadio Hiran Bithorn, de San Juan, Puerto Rico.<\/p>\n<\/p>\n<p>Esto a pesar de los grandes esfuerzos que realiza la Confederaci\u00f3n de B\u00e9isbol del Caribe para que al igual que el a\u00f1o pasado, los cubanos puedan estar presentes en la llamada peque\u00f1a Serie Mundial.<\/p>\n<\/p>\n<p>Juan Francisco Puello Herrera, Comisionado del Caribe expresa que la Oficina de Control de Activos Extranjeros (OFAC en ingl\u00e9s) a\u00fan no ha otorgado el permiso para que Cuba pueda participar en territorio de Estados Unidos. Eso lo declar\u00f3 Puello el pasado jueves, y hasta ayer no hab\u00eda nada nuevo al respecto.<\/p>\n<\/p>\n<p>Todo esto a pesar de que la organizaci\u00f3n de la Serie del Caribe comenz\u00f3 tan pronto culmin\u00f3 la del pasado a\u00f1o, celebrada en la Isla Margarita, que termin\u00f3 con un rotundo triunfo del equipo de M\u00e9xico.<\/p>\n<\/p>\n<p>\u00abA\u00fan tenemos muchos aspectos pendientes con el equipo de Cuba, pero estamos esperanzados en que lo podr\u00e1n dejar participar en el Cl\u00e1sico\u00bb, se\u00f1al\u00f3 Puello Herrera al List\u00edn Diario.<\/p>\n<\/p>\n<p>Sostuvo que a pesar del impedimento ya la Confederaci\u00f3n del Caribe le ha comprado los boletos a\u00e9reos al equipo de Cuba, cuyo tiempo de espera quedar\u00eda agotado para el pr\u00f3ximo 30 de enero.<\/p>\n<\/p>\n<p>\u00abHemos confrontado una gran presi\u00f3n con este asunto, los \u00faltimos tres meses se ha trabajado con intensidad con el objetivo de conseguir el permiso para que Cuba pueda participar\u00bb, agreg\u00f3 Puello Herrera.<\/p>\n<\/p>\n<p>Expuso que las exigencias que pide la OFAC para con los cubanos son amplias, incluso \u00abhasta una licencia de exportaci\u00f3n nos han pedido\u00bb.<\/p>\n<\/p>\n<p>Es decir que todo lo que ellos se lleven desde Puerto Rico debe estar debidamente certificado. Las medicinas que van a llevar.<\/p>\n<\/p>\n<p>Puello a\u00f1adi\u00f3 que diariamente est\u00e1n en conversaciones con un abogado norteamericano llamado Mark Bravi, el mismo que ha gestionado la autorizaci\u00f3n para los cubanos jugar el Cl\u00e1sico Mundial de B\u00e9isbol.<\/p>\n<\/p>\n<h6> 2015-01-13 08:59:03 <\/h6>\n<p><!--\n<link rel=\"stylesheet\" href=\"css\/bootstrap.min.css\">\n\n\n<ul class=\"pagination\">\n\t    \n\t\n\n<li >\n\t<a href='?page_no=15643'>Previous<\/a>\n\t<\/li>\n\n\n       \n    \n\n<li><a href='?page_no=1'>1<\/a><\/li>\n\n\n\n<li><a href='?page_no=2'>2<\/a><\/li>\n\n\n\n<li><a>...<\/a><\/li>\n\n\n\n<li><a href='?page_no=15642'>15642<\/a><\/li>\n\n\n\n<li><a href='?page_no=15643'>15643<\/a><\/li>\n\n\n\n<li class='active'><a>15644<\/a><\/li>\n\n\n\n<li><a href='?page_no=15645'>15645<\/a><\/li>\n\n\n\n<li><a href='?page_no=15646'>15646<\/a><\/li>\n\n\n\n<li><a>...<\/a><\/li>\n\n\n\n<li><a href='?page_no=36618'>36618<\/a><\/li>\n\n\n\n<li><a href='?page_no=36619'>36619<\/a><\/li>\n\n    \n\t\n\n<li >\n\t<a href='?page_no=15645'>Next<\/a>\n\t<\/li>\n\n\n    \n\n<li><a href='?page_no=36619'>Last &rsaquo;&rsaquo;<\/a><\/li>\n\n<\/ul>\n\n\n--><br \/>\n<\/body><\/p>\n","protected":false},"excerpt":{"rendered":"<p>Santo Domingo RD 13 enero.- Cada vez son m\u00e1s remotas las posibilidades de que la selecci\u00f3n de b\u00e9isbol de Cuba pueda participar en la Serie del Caribe, evento previsto a celebrarse este a\u00f1o en el estadio Hiran Bithorn, de San Juan, Puerto Rico. Esto a pesar de los grandes esfuerzos que realiza la Confederaci\u00f3n de [&hellip;]<\/p>\n","protected":false},"author":3,"featured_media":0,"comment_status":"open","ping_status":"open","sticky":false,"template":"","format":"standard","meta":{"footnotes":""},"categories":[17],"tags":[],"class_list":["post-199108","post","type-post","status-publish","format-standard","hentry","category-deportes"],"_links":{"self":[{"href":"https:\/\/diariodominicano.com\/index.php?rest_route=\/wp\/v2\/posts\/199108","targetHints":{"allow":["GET"]}}],"collection":[{"href":"https:\/\/diariodominicano.com\/index.php?rest_route=\/wp\/v2\/posts"}],"about":[{"href":"https:\/\/diariodominicano.com\/index.php?rest_route=\/wp\/v2\/types\/post"}],"author":[{"embeddable":true,"href":"https:\/\/diariodominicano.com\/index.php?rest_route=\/wp\/v2\/users\/3"}],"replies":[{"embeddable":true,"href":"https:\/\/diariodominicano.com\/index.php?rest_route=%2Fwp%2Fv2%2Fcomments&post=199108"}],"version-history":[{"count":0,"href":"https:\/\/diariodominicano.com\/index.php?rest_route=\/wp\/v2\/posts\/199108\/revisions"}],"wp:attachment":[{"href":"https:\/\/diariodominicano.com\/index.php?rest_route=%2Fwp%2Fv2%2Fmedia&parent=199108"}],"wp:term":[{"taxonomy":"category","embeddable":true,"href":"https:\/\/diariodominicano.com\/index.php?rest_route=%2Fwp%2Fv2%2Fcategories&post=199108"},{"taxonomy":"post_tag","embeddable":true,"href":"https:\/\/diariodominicano.com\/index.php?rest_route=%2Fwp%2Fv2%2Ftags&post=199108"}],"curies":[{"name":"wp","href":"https:\/\/api.w.org\/{rel}","templated":true}]}}