{"id":199100,"date":"2015-01-13T17:47:23","date_gmt":"2015-01-13T17:47:23","guid":{"rendered":"http:\/\/diariodominicano.ddns.net\/?p=199100"},"modified":"2015-01-13T17:47:23","modified_gmt":"2015-01-13T17:47:23","slug":"puello-todo-en-orden-para-que-cuba-este-en-la-sc","status":"publish","type":"post","link":"https:\/\/diariodominicano.com\/?p=199100","title":{"rendered":"Puello: Todo en orden para que Cuba est\u00e9 en la SC"},"content":{"rendered":"<p><body><\/p>\n<p><img decoding=\"async\" src=\"img3\/Puello.jpg\" \/>  <\/p>\n<p><span class=\"text1noticias\">Puerto Rico, 13 de Enero.-Los preparativos para la pr\u00f3xima Serie del Caribe siguen afin\u00e1ndose a menos de un mes para que se cante playball en el Estadio Hiram Bithrom, de San Juan, Puerto Rico, para lo que ser\u00e1 la edici\u00f3n n\u00famero LVII del evento que re\u00fane a los campeones de las ligas de pelota de Venezuela, Rep\u00fablica Dominicana, M\u00e9xico, Puerto Rico y Cuba.<\/span><\/p>\n<\/p>\n<p><span class=\"text1noticias\">La Confederaci\u00f3n de B\u00e9isbol Profesional del Caribe, en la figura de su Comisionado, el Licenciado Juan Francisco Puello Herrera, ha estado trabajando de la mano con el Comit\u00e9 Organizador que design\u00f3 la Liga de B\u00e9isbol Profesional Roberto Clemente, para que el cl\u00e1sico de febrero mantenga el brillo que han tenido las recientes dos ediciones.<\/span><\/p>\n<\/p>\n<p><span class=\"text1noticias\">Y uno de los aspectos m\u00e1s importantes de esos preparativos est\u00e1 relacionado con la participaci\u00f3n del campe\u00f3n de la Serie Nacional de B\u00e9isbol de Cuba, equipo que pr\u00e1cticamente est\u00e1 listo para viajar a la capital puertorrique\u00f1a, pese que comentarios aparecidos en diversos medios de comunicaci\u00f3n habr\u00edan puesto en duda que los antillanos estar\u00edan por segunda ocasi\u00f3n corrida en la Serie del Caribe, luego de 53 a\u00f1os de ausencia.<\/span><\/p>\n<\/p>\n<p><span class=\"text1noticias\">\u00abEn ning\u00fan momento hemos declarado que Cuba no va a participar\u00bb, asegur\u00f3 de manera enf\u00e1tica el principal dirigente de la CBPC. \u00abCuba est\u00e1 haciendo los aprestos necesarios para participar, obteniendo las visas de los jugadores y toda su delegaci\u00f3n. He estado en contacto permanente con los dirigentes de la Federaci\u00f3n Cubana de B\u00e9isbol y la liga Roberto Clemente de Puerto Rico ya compr\u00f3 los boletos para todo el equipo y adem\u00e1s en San Juan se tiene un hotel reservado para ellos\u00bb. Puello Herrera, por otro, se\u00f1al\u00f3 que lo \u00fanico que falta para terminar de formalizar la participaci\u00f3n de la representaci\u00f3n cubana es la aprobaci\u00f3n del permiso por parte de la Oficina de Control de Activos Extranjeros de Estados Unidos (OFAC).<\/span><\/p>\n<\/p>\n<p><span class=\"text1noticias\">\u00abLo \u00fanico es que estamos esperando la autorizaci\u00f3n definitiva de la OFAC, la cual nos llegar\u00e1 a trav\u00e9s del abogado que contratamos para ello, Mark Bravin\u00bb, explic\u00f3 el directivo desde las oficinas de la CBPC en Santo Domingo, Rep\u00fablica Dominicana. \u00abEsta respuesta puede llegar llegar en cualquier momento, pues tenemos tiempo de haber hecho los tr\u00e1mites requeridos para ello\u00bb.<\/span><\/p>\n<\/p>\n<p><span class=\"text1noticias\">El equipo Pinar del R\u00edo, campe\u00f3n de la 53 Serie Nacional de B\u00e9isbol de Cuba, es el que estar\u00e1 participando en la Serie del Caribe 2015 y \u00fanicamente espera por la finalizaci\u00f3n de las temporadas en la LVBP, LIDOM, LMP y LBPRC para conocer cu\u00e1les ser\u00e1n sus rivales<\/span>.<\/p>\n<h6> 2015-01-13 17:47:23 <\/h6>\n<p><!--\n<link rel=\"stylesheet\" href=\"css\/bootstrap.min.css\">\n\n\n<ul class=\"pagination\">\n\t    \n\t\n\n<li >\n\t<a href='?page_no=15636'>Previous<\/a>\n\t<\/li>\n\n\n       \n    \n\n<li><a href='?page_no=1'>1<\/a><\/li>\n\n\n\n<li><a href='?page_no=2'>2<\/a><\/li>\n\n\n\n<li><a>...<\/a><\/li>\n\n\n\n<li><a href='?page_no=15635'>15635<\/a><\/li>\n\n\n\n<li><a href='?page_no=15636'>15636<\/a><\/li>\n\n\n\n<li class='active'><a>15637<\/a><\/li>\n\n\n\n<li><a href='?page_no=15638'>15638<\/a><\/li>\n\n\n\n<li><a href='?page_no=15639'>15639<\/a><\/li>\n\n\n\n<li><a>...<\/a><\/li>\n\n\n\n<li><a href='?page_no=36618'>36618<\/a><\/li>\n\n\n\n<li><a href='?page_no=36619'>36619<\/a><\/li>\n\n    \n\t\n\n<li >\n\t<a href='?page_no=15638'>Next<\/a>\n\t<\/li>\n\n\n    \n\n<li><a href='?page_no=36619'>Last &rsaquo;&rsaquo;<\/a><\/li>\n\n<\/ul>\n\n\n--><br \/>\n<\/body><\/p>\n","protected":false},"excerpt":{"rendered":"<p>Puerto Rico, 13 de Enero.-Los preparativos para la pr\u00f3xima Serie del Caribe siguen afin\u00e1ndose a menos de un mes para que se cante playball en el Estadio Hiram Bithrom, de San Juan, Puerto Rico, para lo que ser\u00e1 la edici\u00f3n n\u00famero LVII del evento que re\u00fane a los campeones de las ligas de pelota de [&hellip;]<\/p>\n","protected":false},"author":3,"featured_media":0,"comment_status":"open","ping_status":"open","sticky":false,"template":"","format":"standard","meta":{"footnotes":""},"categories":[17],"tags":[],"class_list":["post-199100","post","type-post","status-publish","format-standard","hentry","category-deportes"],"_links":{"self":[{"href":"https:\/\/diariodominicano.com\/index.php?rest_route=\/wp\/v2\/posts\/199100","targetHints":{"allow":["GET"]}}],"collection":[{"href":"https:\/\/diariodominicano.com\/index.php?rest_route=\/wp\/v2\/posts"}],"about":[{"href":"https:\/\/diariodominicano.com\/index.php?rest_route=\/wp\/v2\/types\/post"}],"author":[{"embeddable":true,"href":"https:\/\/diariodominicano.com\/index.php?rest_route=\/wp\/v2\/users\/3"}],"replies":[{"embeddable":true,"href":"https:\/\/diariodominicano.com\/index.php?rest_route=%2Fwp%2Fv2%2Fcomments&post=199100"}],"version-history":[{"count":0,"href":"https:\/\/diariodominicano.com\/index.php?rest_route=\/wp\/v2\/posts\/199100\/revisions"}],"wp:attachment":[{"href":"https:\/\/diariodominicano.com\/index.php?rest_route=%2Fwp%2Fv2%2Fmedia&parent=199100"}],"wp:term":[{"taxonomy":"category","embeddable":true,"href":"https:\/\/diariodominicano.com\/index.php?rest_route=%2Fwp%2Fv2%2Fcategories&post=199100"},{"taxonomy":"post_tag","embeddable":true,"href":"https:\/\/diariodominicano.com\/index.php?rest_route=%2Fwp%2Fv2%2Ftags&post=199100"}],"curies":[{"name":"wp","href":"https:\/\/api.w.org\/{rel}","templated":true}]}}