{"id":199096,"date":"2015-01-14T08:28:22","date_gmt":"2015-01-14T08:28:22","guid":{"rendered":"http:\/\/diariodominicano.ddns.net\/?p=199096"},"modified":"2015-01-14T08:28:22","modified_gmt":"2015-01-14T08:28:22","slug":"presentan-seleccion-de-judo-va-a-copa-panam","status":"publish","type":"post","link":"https:\/\/diariodominicano.com\/?p=199096","title":{"rendered":"Presentan selecci\u00f3n de Judo va a copa Panam"},"content":{"rendered":"<p><body><\/p>\n<p><img decoding=\"async\" src=\"img3\/judo 14.jpeg\" \/>  <\/p>\n<p>Santo Domingo RD 14 enero.- La selecci\u00f3n nacional de judo que representar\u00e1 al pa\u00eds en la Copa Abierta Panamericana Cadete y Junior, correspondiente a la primera pata del Circuito Mundial de Judo, est\u00e1 integrada por un total de 85 atletas.<\/p>\n<\/p>\n<p>La informaci\u00f3n fue ofrecida este martes por la Federaci\u00f3n Dominicana de Judo (Fedojudo) durante un encuentro con la prensa celebrado en el Pabell\u00f3n de ese deporte en el Centro Ol\u00edmpico Juan Pablo Duarte.<\/p>\n<\/p>\n<p>La Copa Abierta Panamericana Cadete y Junior de Judo inicia este viernes con los primeros combates eliminatorios, a partir de  las 10:00 de la ma\u00f1ana.<\/p>\n<\/p>\n<p>La inauguraci\u00f3n est\u00e1 pautada para las 4:00 de la tarde y luego se realizar\u00e1n las finales del d\u00eda.<\/p>\n<\/p>\n<p>El presidente de la Fedojudo, Gilberto Garc\u00eda, inform\u00f3 adem\u00e1s que el s\u00e1bado, desde las 10:00 AM, comenzar\u00e1n las eliminatorias y en la tarde se llevar\u00e1n a cabo las finales del Circuito Mundial, seg\u00fan inform\u00f3.<\/p>\n<\/p>\n<p>Para el domingo, cuando concluye el certamen, los pa\u00edses participantes competir\u00e1n en opci\u00f3n a la Copa del Caribe de Judo.<\/p>\n<\/p>\n<p>Mientras, el entrenador Juan Carlos Jacinto destac\u00f3 el proceso de preparaci\u00f3n al que ha sido sometido el seleccionado quisqueyano, el cual est\u00e1 integrado por 40 f\u00e9minas y 45 varones.<\/p>\n<h6> 2015-01-14 08:28:22 <\/h6>\n<p><!--\n<link rel=\"stylesheet\" href=\"css\/bootstrap.min.css\">\n\n\n<ul class=\"pagination\">\n\t    \n\t\n\n<li >\n\t<a href='?page_no=15632'>Previous<\/a>\n\t<\/li>\n\n\n       \n    \n\n<li><a href='?page_no=1'>1<\/a><\/li>\n\n\n\n<li><a href='?page_no=2'>2<\/a><\/li>\n\n\n\n<li><a>...<\/a><\/li>\n\n\n\n<li><a href='?page_no=15631'>15631<\/a><\/li>\n\n\n\n<li><a href='?page_no=15632'>15632<\/a><\/li>\n\n\n\n<li class='active'><a>15633<\/a><\/li>\n\n\n\n<li><a href='?page_no=15634'>15634<\/a><\/li>\n\n\n\n<li><a href='?page_no=15635'>15635<\/a><\/li>\n\n\n\n<li><a>...<\/a><\/li>\n\n\n\n<li><a href='?page_no=36618'>36618<\/a><\/li>\n\n\n\n<li><a href='?page_no=36619'>36619<\/a><\/li>\n\n    \n\t\n\n<li >\n\t<a href='?page_no=15634'>Next<\/a>\n\t<\/li>\n\n\n    \n\n<li><a href='?page_no=36619'>Last &rsaquo;&rsaquo;<\/a><\/li>\n\n<\/ul>\n\n\n--><br \/>\n<\/body><\/p>\n","protected":false},"excerpt":{"rendered":"<p>Santo Domingo RD 14 enero.- La selecci\u00f3n nacional de judo que representar\u00e1 al pa\u00eds en la Copa Abierta Panamericana Cadete y Junior, correspondiente a la primera pata del Circuito Mundial de Judo, est\u00e1 integrada por un total de 85 atletas. La informaci\u00f3n fue ofrecida este martes por la Federaci\u00f3n Dominicana de Judo (Fedojudo) durante un [&hellip;]<\/p>\n","protected":false},"author":3,"featured_media":0,"comment_status":"open","ping_status":"open","sticky":false,"template":"","format":"standard","meta":{"footnotes":""},"categories":[17],"tags":[],"class_list":["post-199096","post","type-post","status-publish","format-standard","hentry","category-deportes"],"_links":{"self":[{"href":"https:\/\/diariodominicano.com\/index.php?rest_route=\/wp\/v2\/posts\/199096","targetHints":{"allow":["GET"]}}],"collection":[{"href":"https:\/\/diariodominicano.com\/index.php?rest_route=\/wp\/v2\/posts"}],"about":[{"href":"https:\/\/diariodominicano.com\/index.php?rest_route=\/wp\/v2\/types\/post"}],"author":[{"embeddable":true,"href":"https:\/\/diariodominicano.com\/index.php?rest_route=\/wp\/v2\/users\/3"}],"replies":[{"embeddable":true,"href":"https:\/\/diariodominicano.com\/index.php?rest_route=%2Fwp%2Fv2%2Fcomments&post=199096"}],"version-history":[{"count":0,"href":"https:\/\/diariodominicano.com\/index.php?rest_route=\/wp\/v2\/posts\/199096\/revisions"}],"wp:attachment":[{"href":"https:\/\/diariodominicano.com\/index.php?rest_route=%2Fwp%2Fv2%2Fmedia&parent=199096"}],"wp:term":[{"taxonomy":"category","embeddable":true,"href":"https:\/\/diariodominicano.com\/index.php?rest_route=%2Fwp%2Fv2%2Fcategories&post=199096"},{"taxonomy":"post_tag","embeddable":true,"href":"https:\/\/diariodominicano.com\/index.php?rest_route=%2Fwp%2Fv2%2Ftags&post=199096"}],"curies":[{"name":"wp","href":"https:\/\/api.w.org\/{rel}","templated":true}]}}