{"id":199095,"date":"2015-01-14T10:09:11","date_gmt":"2015-01-14T10:09:11","guid":{"rendered":"http:\/\/diariodominicano.ddns.net\/?p=199095"},"modified":"2015-01-14T10:09:11","modified_gmt":"2015-01-14T10:09:11","slug":"rally-frontera-4x4-aventura-recorrera-1300-kilometros","status":"publish","type":"post","link":"https:\/\/diariodominicano.com\/?p=199095","title":{"rendered":"Rally Frontera 4\u00d74 Aventura recorrer\u00e1 1,300 kil\u00f3metros"},"content":{"rendered":"<p><body><\/p>\n<p><img decoding=\"async\" src=\"img3\/rally 14.jpg\" \/>  <\/p>\n<p>Rally Frontera 4\u00d74 Aventura recorrer\u00e1 1,300 kil\u00f3metros<\/p>\n<\/p>\n<p>SANTO DOMINGO.- El Ministerio de Defensa, conjuntamente con el Quisqueya Auto Club (QAC) y el comit\u00e9 organizador del Rally Frontera 4\u00d74 Aventura, anunciaron la celebraci\u00f3n la XVI versi\u00f3n, un evento c\u00edvico militar, familiar, ecol\u00f3gico y de turismo nacional, para disputarse la \u00abCopa EcoPetroleo\u00bb.<\/p>\n<\/p>\n<p>Actividad conmemorativa del 171 aniversario de la Independencia Nacional con el respaldo del Ejercito de la Rep\u00fablica Dominicana, comprendiendo del 26 de febrero hasta el 1 de marzo, para recorrer 1,300 kil\u00f3metros transitando por m\u00e1s de 100 poblados, un 80% carreteras de tierra y un 20 pistas asfaltadas.<\/p>\n<\/p>\n<p>Los detalles del rally 4\u00d74 fueron ofrecidos por el Teniente Coronel Rub\u00e9n A. Frontal Carr\u00e1n, enlace del evento con los cuerpos armados, el cual represent\u00f3 al Ministerio de Defensa por el Teniente General ERD, M\u00e1ximo William Mu\u00f1oz Delgado.<\/p>\n<p>Frontal Carr\u00e1n inform\u00f3 que todo est\u00e1 listo para que los rallistas disfruten de los diversos hermosos paisajes del pa\u00eds, con una ruta supervisada, de adrenalina, con jueces, servicios m\u00e9dicos, unidad de mec\u00e1nicos y soporte a\u00e9reo de helic\u00f3ptero.<\/p>\n<\/p>\n<p>Indic\u00f3 que la salida oficial es el jueves 26 de febrero, a partir de las 5:00 PM, desde la parte frontal del Ministerio de Defensa en la avenida 27 de Febrero.<\/p>\n<\/p>\n<p>En la conferencia de prensa estuvieron presente, el doctor Raimundo A. Est\u00e9vez, presidente de EcoPetroleo, principal patrocinador del evento automovil\u00edstico que fomenta el turismo interno y congrega la familia durante cuatro d\u00edas de convivencia.<\/p>\n<\/p>\n<p>Estuvo Jos\u00e9 Liz, promotor general; Rafael Ovalle y Neredo B. Mac Dougall Pina, son directores t\u00e9cnico, L\u00e1zaro Garc\u00eda-Nieto contralmirante \u00ae y Juan Jaquez, fundador del QAC, coordinadores general y log\u00edstica.<\/p>\n<\/p>\n<p>Participaron del encuentro de prensa Emilio V\u00e1squez, presidente de la Asociaci\u00f3n de Detallista de Combustible, \u00c1ngel Duverg\u00e9, gerente de Vin\u00edcola del Norte y Henry Krausz, presidente de la Federaci\u00f3n Dominicana de Automovilismo (FDA), tambi\u00e9n el Teniente Coronel Paris Goico, de gesti\u00f3n de informaci\u00f3n del Ministerio de Defensa, as\u00ed como Rafael Abreu, Clara Fr\u00edas, Fernando Cabral, Franklin Figueroa, Pedro Musa y Jos\u00e9 Liz Jr.<\/p>\n<\/p>\n<p>Ovalle manifest\u00f3 que la ruta es segura, para participar en las categor\u00edas Turismo, para paseo en familia con jueces, PRU puntos de reubicaciones y abastecimientos, contando con la divisi\u00f3n para Profesionales, los fiebruses de los rallys.<\/p>\n<p>La segunda salida ser\u00e1 el viernes 27 de febrero, el d\u00eda de la Independencia Nacional, desde el monumento de Santiago, a las 7:00 AM, iniciando con el Himno Nacional, el banderazo a cuadros por las autoridades de la localidad.<\/p>\n<\/p>\n<p>Arrancando desde Santiago, ir\u00e1n a Montecristi \u00abEl Morro\u00bb, playa La Popa, Buen Hombre, San Jos\u00e9 de las Matas, Monci\u00f3n, El Vallecito, Villa Los Alm\u00e1cigos, R\u00edo Limpio, Guayajayuco, Los Algodones y Villa Anacaona.<\/p>\n<\/p>\n<p>Pasar\u00e1n por Restauraci\u00f3n, Capotillo, Dajab\u00f3n, Proyecto la Cruz de Manzanillo y playa Ensenada, completando el recorrido hasta la ciudad de Santiago, que es la meta final.<\/p>\n<\/p>\n<p>La justa tiene de patrocinadores a EcoPetroleo, Lubricante Quaker State, Dominican Cruises Feries, Mitsubishi Motors, Esca y Ron Macorix.<\/p>\n<\/p>\n<p>Me Gusta 1 Twitear 1 Compartir 0<\/p>\n<h6> 2015-01-14 10:09:11 <\/h6>\n<p><!--\n<link rel=\"stylesheet\" href=\"css\/bootstrap.min.css\">\n\n\n<ul class=\"pagination\">\n\t    \n\t\n\n<li >\n\t<a href='?page_no=15631'>Previous<\/a>\n\t<\/li>\n\n\n       \n    \n\n<li><a href='?page_no=1'>1<\/a><\/li>\n\n\n\n<li><a href='?page_no=2'>2<\/a><\/li>\n\n\n\n<li><a>...<\/a><\/li>\n\n\n\n<li><a href='?page_no=15630'>15630<\/a><\/li>\n\n\n\n<li><a href='?page_no=15631'>15631<\/a><\/li>\n\n\n\n<li class='active'><a>15632<\/a><\/li>\n\n\n\n<li><a href='?page_no=15633'>15633<\/a><\/li>\n\n\n\n<li><a href='?page_no=15634'>15634<\/a><\/li>\n\n\n\n<li><a>...<\/a><\/li>\n\n\n\n<li><a href='?page_no=36618'>36618<\/a><\/li>\n\n\n\n<li><a href='?page_no=36619'>36619<\/a><\/li>\n\n    \n\t\n\n<li >\n\t<a href='?page_no=15633'>Next<\/a>\n\t<\/li>\n\n\n    \n\n<li><a href='?page_no=36619'>Last &rsaquo;&rsaquo;<\/a><\/li>\n\n<\/ul>\n\n\n--><br \/>\n<\/body><\/p>\n","protected":false},"excerpt":{"rendered":"<p>Rally Frontera 4\u00d74 Aventura recorrer\u00e1 1,300 kil\u00f3metros SANTO DOMINGO.- El Ministerio de Defensa, conjuntamente con el Quisqueya Auto Club (QAC) y el comit\u00e9 organizador del Rally Frontera 4\u00d74 Aventura, anunciaron la celebraci\u00f3n la XVI versi\u00f3n, un evento c\u00edvico militar, familiar, ecol\u00f3gico y de turismo nacional, para disputarse la \u00abCopa EcoPetroleo\u00bb. Actividad conmemorativa del 171 aniversario [&hellip;]<\/p>\n","protected":false},"author":3,"featured_media":0,"comment_status":"open","ping_status":"open","sticky":false,"template":"","format":"standard","meta":{"footnotes":""},"categories":[17],"tags":[],"class_list":["post-199095","post","type-post","status-publish","format-standard","hentry","category-deportes"],"_links":{"self":[{"href":"https:\/\/diariodominicano.com\/index.php?rest_route=\/wp\/v2\/posts\/199095","targetHints":{"allow":["GET"]}}],"collection":[{"href":"https:\/\/diariodominicano.com\/index.php?rest_route=\/wp\/v2\/posts"}],"about":[{"href":"https:\/\/diariodominicano.com\/index.php?rest_route=\/wp\/v2\/types\/post"}],"author":[{"embeddable":true,"href":"https:\/\/diariodominicano.com\/index.php?rest_route=\/wp\/v2\/users\/3"}],"replies":[{"embeddable":true,"href":"https:\/\/diariodominicano.com\/index.php?rest_route=%2Fwp%2Fv2%2Fcomments&post=199095"}],"version-history":[{"count":0,"href":"https:\/\/diariodominicano.com\/index.php?rest_route=\/wp\/v2\/posts\/199095\/revisions"}],"wp:attachment":[{"href":"https:\/\/diariodominicano.com\/index.php?rest_route=%2Fwp%2Fv2%2Fmedia&parent=199095"}],"wp:term":[{"taxonomy":"category","embeddable":true,"href":"https:\/\/diariodominicano.com\/index.php?rest_route=%2Fwp%2Fv2%2Fcategories&post=199095"},{"taxonomy":"post_tag","embeddable":true,"href":"https:\/\/diariodominicano.com\/index.php?rest_route=%2Fwp%2Fv2%2Ftags&post=199095"}],"curies":[{"name":"wp","href":"https:\/\/api.w.org\/{rel}","templated":true}]}}