{"id":199093,"date":"2015-01-14T14:43:19","date_gmt":"2015-01-14T14:43:19","guid":{"rendered":"http:\/\/diariodominicano.ddns.net\/?p=199093"},"modified":"2015-01-14T14:43:19","modified_gmt":"2015-01-14T14:43:19","slug":"presidente-danilo-medina-juramenta-a-pedro-martinez-embajador-de-buena-voluntad","status":"publish","type":"post","link":"https:\/\/diariodominicano.com\/?p=199093","title":{"rendered":"Presidente Danilo Medina juramenta a Pedro Martinez Embajador de Buena Voluntad"},"content":{"rendered":"<p><body><\/p>\n<p><img decoding=\"async\" src=\"img3\/pedro.jpg\" \/>  <\/p>\n<p><span class=\"text1noticias\">Santo Domingo, RD, 14 de enero.-El presidente Danilo Medina declar\u00f3 y jurament\u00f3 al beisbolista Pedro Mart\u00ednez como Embajador de Buena Voluntad, por su trayectoria representando al pa\u00eds y por enorgullecer al pueblo dominicano con su exaltaci\u00f3n al Sal\u00f3n de la Fama de Cooperstown.<\/span><\/p>\n<\/p>\n<p><span class=\"text1noticias\">La proclamaci\u00f3n y juramentaci\u00f3n fue hecha porel jefe de Estado al recibir en su despacho del Palacio Nacional al lanzador dominicano de Grandes Ligas, elevado recientemente al Sal\u00f3n de la Fama de Cooperstown, a quien felicit\u00f3 por colocar al pa\u00eds en una posici\u00f3n cimera en el deporte mundial.<\/span><\/p>\n<\/p>\n<p><strong><span class=\"text1noticias\">Gran fraternidad<\/span><\/strong><\/p>\n<\/p>\n<p><span class=\"text1noticias\">Juramentaci\u00f3n de Pedro Mart\u00ednez como Embajador de Buena Voluntad.<\/span><\/p>\n<\/p>\n<p><span class=\"text1noticias\">En un ambiente cordial y de gran fraternidad, Danilo Medina intercambi\u00f3 impresiones sobre la experiencia hist\u00f3rica que signific\u00f3 para Mart\u00ednez su exaltaci\u00f3n al Sal\u00f3n de la Fama.<\/span><\/p>\n<\/p>\n<p><span class=\"text1noticias\">El encuentro, en el que Pedro Mart\u00ednez estuvo acompa\u00f1ado por su esposa,Carolina Cruz, se prolong\u00f3 por una hora y diez minutos.<\/span><\/p>\n<\/p>\n<p><span class=\"text1noticias\">Se recuerda que la misma tarde en que Mart\u00ednez fue inmortalizado en Cooperstown, Danilo Medina se comunic\u00f3 con \u00e9l por la v\u00eda telef\u00f3nica y le expres\u00f3 \u00abel gran orgullo\u00bb que sienten tanto \u00e9l como el pueblo dominicano por su logro.<\/span><\/p>\n<\/p>\n<p><span class=\"text1noticias\">Pedro Mart\u00ednez alcanz\u00f3 el 91.1% en los sufragios emitidos por la Asociaci\u00f3n de Escritores de Juramentaci\u00f3n de Pedro Mart\u00ednez como Embajador de Buena Voluntad.B\u00e9isbol de Am\u00e9rica.<\/span><\/p>\n<\/p>\n<p><strong><span class=\"text1noticias\">Orgulloso del gobierno del presidente Danilo Medina<\/span><\/strong><\/p>\n<\/p>\n<p><span class=\"text1noticias\">Pedro Mart\u00ednez elogi\u00f3 al presidente Danilo Medina y su gesti\u00f3n de gobierno.<\/span><\/p>\n<p><span class=\"text1noticias\">En declaraciones ofrecidas a la prensa en el sal\u00f3n Orlando Mart\u00ednez del Palacio Nacional, Pedro Mart\u00ednez dijo que se siente orgulloso del gobierno del presidente Danilo Medina y expres\u00f3 sus deseos de que contin\u00fae su pol\u00edtica p\u00fablica.<\/span><\/p>\n<\/p>\n<p><span class=\"text1noticias\">\u00abMe gustar\u00eda que esa labor contin\u00fae. Ha hecho una gran labor como Presidente\u00bb, expres\u00f3 Mart\u00ednez.<\/span><\/p>\n<\/p>\n<p><span class=\"text1noticias\">Precis\u00f3  que \u00abestoy orgulloso de lo que est\u00e1 pasando en el pa\u00eds como hombre de pueblo\u00bb, y que siente mucho orgullo por su designaci\u00f3n como embajador de buena voluntad.<\/span><\/p>\n<\/p>\n<p><span class=\"text1noticias\">Agreg\u00f3 que ser\u00e1 un embajador inmortal que representar\u00e1 al pa\u00eds fuera de sus fronteras, especialmente en Latinoam\u00e9rica, porque ser\u00e1 un representante del pueblo dominicano.<\/span><\/p>\n<p><span class=\"text1noticias\"><strong>Su carrera en Grandes Ligas<\/strong><\/span><\/p>\n<\/p>\n<p><span class=\"text1noticias\">Pedro Mart\u00ednez accion\u00f3 en Las Grandes Ligas por 18 temporadas. Inici\u00f3 en el 1992 como relevista de los Dodgers de Los \u00c1ngeles, luego estuvo en los Expos de Montreal, Phillies de Philadelphia, Medias Rojas de Boston y Mets de Nueva York. Sum\u00f3 tres premios Cy Young, m\u00e1ximo galard\u00f3n entregado a un lanzador, uno con los Expos de Montreal y dos con Los Medias Rojas de Boston<\/span>.<\/p>\n<\/p>\n<h6> 2015-01-14 14:43:19 <\/h6>\n<p><!--\n<link rel=\"stylesheet\" href=\"css\/bootstrap.min.css\">\n\n\n<ul class=\"pagination\">\n\t    \n\t\n\n<li >\n\t<a href='?page_no=15629'>Previous<\/a>\n\t<\/li>\n\n\n       \n    \n\n<li><a href='?page_no=1'>1<\/a><\/li>\n\n\n\n<li><a href='?page_no=2'>2<\/a><\/li>\n\n\n\n<li><a>...<\/a><\/li>\n\n\n\n<li><a href='?page_no=15628'>15628<\/a><\/li>\n\n\n\n<li><a href='?page_no=15629'>15629<\/a><\/li>\n\n\n\n<li class='active'><a>15630<\/a><\/li>\n\n\n\n<li><a href='?page_no=15631'>15631<\/a><\/li>\n\n\n\n<li><a href='?page_no=15632'>15632<\/a><\/li>\n\n\n\n<li><a>...<\/a><\/li>\n\n\n\n<li><a href='?page_no=36618'>36618<\/a><\/li>\n\n\n\n<li><a href='?page_no=36619'>36619<\/a><\/li>\n\n    \n\t\n\n<li >\n\t<a href='?page_no=15631'>Next<\/a>\n\t<\/li>\n\n\n    \n\n<li><a href='?page_no=36619'>Last &rsaquo;&rsaquo;<\/a><\/li>\n\n<\/ul>\n\n\n--><br \/>\n<\/body><\/p>\n","protected":false},"excerpt":{"rendered":"<p>Santo Domingo, RD, 14 de enero.-El presidente Danilo Medina declar\u00f3 y jurament\u00f3 al beisbolista Pedro Mart\u00ednez como Embajador de Buena Voluntad, por su trayectoria representando al pa\u00eds y por enorgullecer al pueblo dominicano con su exaltaci\u00f3n al Sal\u00f3n de la Fama de Cooperstown. La proclamaci\u00f3n y juramentaci\u00f3n fue hecha porel jefe de Estado al recibir [&hellip;]<\/p>\n","protected":false},"author":3,"featured_media":0,"comment_status":"open","ping_status":"open","sticky":false,"template":"","format":"standard","meta":{"footnotes":""},"categories":[17],"tags":[],"class_list":["post-199093","post","type-post","status-publish","format-standard","hentry","category-deportes"],"_links":{"self":[{"href":"https:\/\/diariodominicano.com\/index.php?rest_route=\/wp\/v2\/posts\/199093","targetHints":{"allow":["GET"]}}],"collection":[{"href":"https:\/\/diariodominicano.com\/index.php?rest_route=\/wp\/v2\/posts"}],"about":[{"href":"https:\/\/diariodominicano.com\/index.php?rest_route=\/wp\/v2\/types\/post"}],"author":[{"embeddable":true,"href":"https:\/\/diariodominicano.com\/index.php?rest_route=\/wp\/v2\/users\/3"}],"replies":[{"embeddable":true,"href":"https:\/\/diariodominicano.com\/index.php?rest_route=%2Fwp%2Fv2%2Fcomments&post=199093"}],"version-history":[{"count":0,"href":"https:\/\/diariodominicano.com\/index.php?rest_route=\/wp\/v2\/posts\/199093\/revisions"}],"wp:attachment":[{"href":"https:\/\/diariodominicano.com\/index.php?rest_route=%2Fwp%2Fv2%2Fmedia&parent=199093"}],"wp:term":[{"taxonomy":"category","embeddable":true,"href":"https:\/\/diariodominicano.com\/index.php?rest_route=%2Fwp%2Fv2%2Fcategories&post=199093"},{"taxonomy":"post_tag","embeddable":true,"href":"https:\/\/diariodominicano.com\/index.php?rest_route=%2Fwp%2Fv2%2Ftags&post=199093"}],"curies":[{"name":"wp","href":"https:\/\/api.w.org\/{rel}","templated":true}]}}