{"id":199091,"date":"2015-01-14T15:13:34","date_gmt":"2015-01-14T15:13:34","guid":{"rendered":"http:\/\/diariodominicano.ddns.net\/?p=199091"},"modified":"2015-01-14T15:13:34","modified_gmt":"2015-01-14T15:13:34","slug":"atletismo-supervisa-pista-la-barranquita","status":"publish","type":"post","link":"https:\/\/diariodominicano.com\/?p=199091","title":{"rendered":"Atletismo supervisa pista La Barranquita"},"content":{"rendered":"<p><body><\/p>\n<p><img decoding=\"async\" src=\"img3\/pista.jpg\" \/>  <\/p>\n<p><span class=\"text1noticias\">Santo Domingo, RD, 14 de enero.-Una comisi\u00f3n de la Federaci\u00f3n Dominicana de Atletismo visit\u00f3 los trabajos de construcci\u00f3n de la pista de atletismo en el Complejo Deportivo de la Barranquita, en Santiago, donde se le colocar\u00e1 el material de chevron, la cual brindar\u00e1 una excelente plataforma para que cientos de j\u00f3venes sigan llegando a ese deporte.<\/span><\/p>\n<\/p>\n<p><span class=\"text1noticias\">La informaci\u00f3n la dio a conocer el presidente de la Federaci\u00f3n de Atletismo, Gerardo Suero Correa, quien se hizo acompa\u00f1ar de Ram \u00b4no Valdez, tesorero del Comit\u00e9 Ejecutivo, as\u00ed como de El\u00edas P\u00e9rez, presidente de la Asociaci\u00f3n de Atletismo de Santiago.<\/span><\/p>\n<\/p>\n<p><span class=\"text1noticias\">Indic\u00f3 que est\u00e1n muy avanzados los trabajos y espera que la empresa de capital Chino termine antes de finalizar este mes de enero los trabajos de la pista.<\/span><\/p>\n<\/p>\n<p><span class=\"text1noticias\">\u00abYa est\u00e1n colocando el asfalto para luego iniciar las labores con el chevr\u00f3n\u00bb, dijo Correa. Y abund\u00f3: \u00abLas labores marchan a buen ritmo y as\u00ed nos los hicieron saber los trabajos chinos\u00bb, agreg\u00f3.<\/span><\/p>\n<\/p>\n<p><span class=\"text1noticias\">Sostuvo que este se a\u00f1o se podr\u00edan planificar muchos eventos de fomento del atletismo en todas las modalidades, as\u00ed como convivios escolares.<\/span><\/p>\n<\/p>\n<p><span class=\"text1noticias\">Expuso que la reparaci\u00f3n por completo de esa pista de atletismo traer\u00e1 un \u00abgran boom\u00bb en ese deporte no solo en Santiago, sino en toda la regi\u00f3n Norte.<\/span><\/p>\n<\/p>\n<p><span class=\"text1noticias\">Afirm\u00f3 que la familia del atletismo est\u00e1 muy contenta con los aportes que est\u00e1 haciendo el Ministerio de Deportes para poner en grandes condiciones esa pista, as\u00ed como la de San Francisco de Macoris<\/span>.<\/p>\n<h6> 2015-01-14 15:13:34 <\/h6>\n<p><!--\n<link rel=\"stylesheet\" href=\"css\/bootstrap.min.css\">\n\n\n<ul class=\"pagination\">\n\t    \n\t\n\n<li >\n\t<a href='?page_no=15628'>Previous<\/a>\n\t<\/li>\n\n\n       \n    \n\n<li><a href='?page_no=1'>1<\/a><\/li>\n\n\n\n<li><a href='?page_no=2'>2<\/a><\/li>\n\n\n\n<li><a>...<\/a><\/li>\n\n\n\n<li><a href='?page_no=15627'>15627<\/a><\/li>\n\n\n\n<li><a href='?page_no=15628'>15628<\/a><\/li>\n\n\n\n<li class='active'><a>15629<\/a><\/li>\n\n\n\n<li><a href='?page_no=15630'>15630<\/a><\/li>\n\n\n\n<li><a href='?page_no=15631'>15631<\/a><\/li>\n\n\n\n<li><a>...<\/a><\/li>\n\n\n\n<li><a href='?page_no=36618'>36618<\/a><\/li>\n\n\n\n<li><a href='?page_no=36619'>36619<\/a><\/li>\n\n    \n\t\n\n<li >\n\t<a href='?page_no=15630'>Next<\/a>\n\t<\/li>\n\n\n    \n\n<li><a href='?page_no=36619'>Last &rsaquo;&rsaquo;<\/a><\/li>\n\n<\/ul>\n\n\n--><br \/>\n<\/body><\/p>\n","protected":false},"excerpt":{"rendered":"<p>Santo Domingo, RD, 14 de enero.-Una comisi\u00f3n de la Federaci\u00f3n Dominicana de Atletismo visit\u00f3 los trabajos de construcci\u00f3n de la pista de atletismo en el Complejo Deportivo de la Barranquita, en Santiago, donde se le colocar\u00e1 el material de chevron, la cual brindar\u00e1 una excelente plataforma para que cientos de j\u00f3venes sigan llegando a ese [&hellip;]<\/p>\n","protected":false},"author":3,"featured_media":0,"comment_status":"open","ping_status":"open","sticky":false,"template":"","format":"standard","meta":{"footnotes":""},"categories":[17],"tags":[],"class_list":["post-199091","post","type-post","status-publish","format-standard","hentry","category-deportes"],"_links":{"self":[{"href":"https:\/\/diariodominicano.com\/index.php?rest_route=\/wp\/v2\/posts\/199091","targetHints":{"allow":["GET"]}}],"collection":[{"href":"https:\/\/diariodominicano.com\/index.php?rest_route=\/wp\/v2\/posts"}],"about":[{"href":"https:\/\/diariodominicano.com\/index.php?rest_route=\/wp\/v2\/types\/post"}],"author":[{"embeddable":true,"href":"https:\/\/diariodominicano.com\/index.php?rest_route=\/wp\/v2\/users\/3"}],"replies":[{"embeddable":true,"href":"https:\/\/diariodominicano.com\/index.php?rest_route=%2Fwp%2Fv2%2Fcomments&post=199091"}],"version-history":[{"count":0,"href":"https:\/\/diariodominicano.com\/index.php?rest_route=\/wp\/v2\/posts\/199091\/revisions"}],"wp:attachment":[{"href":"https:\/\/diariodominicano.com\/index.php?rest_route=%2Fwp%2Fv2%2Fmedia&parent=199091"}],"wp:term":[{"taxonomy":"category","embeddable":true,"href":"https:\/\/diariodominicano.com\/index.php?rest_route=%2Fwp%2Fv2%2Fcategories&post=199091"},{"taxonomy":"post_tag","embeddable":true,"href":"https:\/\/diariodominicano.com\/index.php?rest_route=%2Fwp%2Fv2%2Ftags&post=199091"}],"curies":[{"name":"wp","href":"https:\/\/api.w.org\/{rel}","templated":true}]}}