{"id":199088,"date":"2015-01-15T09:29:49","date_gmt":"2015-01-15T09:29:49","guid":{"rendered":"http:\/\/diariodominicano.ddns.net\/?p=199088"},"modified":"2015-01-15T09:29:49","modified_gmt":"2015-01-15T09:29:49","slug":"manny-pacquiao-acepta-condiciones-para-enfrentarse-a-mayweather-jr","status":"publish","type":"post","link":"https:\/\/diariodominicano.com\/?p=199088","title":{"rendered":"Manny Pacquiao acepta condiciones para enfrentarse a Mayweather Jr."},"content":{"rendered":"<p><body><\/p>\n<p><img decoding=\"async\" src=\"img3\/pelea 2.jpg\" \/><br \/><img decoding=\"async\" src=\"img3\/penal 15.jpg\" \/>  <\/p>\n<p>Houston (EEUU), 15 enero .- La pelea que el mundo del boxeo ha reclamado en los \u00faltimos seis a\u00f1os entre el filipino Manny Pacquiao y el estadounidense Floyd Mayweather Jr dio un paso m\u00e1s hacia su posible realizaci\u00f3n con la aceptaci\u00f3n por parte del primero de todos los t\u00e9rminos que le han presentado.<\/p>\n<\/p>\n<p>Ahora falta por ver si el invicto Mayweather Jr. acepta los suyos o pone nuevas condiciones que mantengan en suspense el duelo que batir\u00e1 todas las marcas de audiencias e ingresos econ\u00f3micos.<\/p>\n<\/p>\n<p>El encargado de dar la noticia de la aceptaci\u00f3n de la pelea por parte de Pacquiao ha sido su promotor, el veterano Bob Arum, que lo revel\u00f3 a varios medios de comunicaci\u00f3n a los que les dijo que su pupilo ya ha llegado a un acuerdo para pelear el pr\u00f3ximo 2 de mayo en el Arena Garden del MGM Grand, de Las Vegas ante Mayweather.<\/p>\n<\/p>\n<p>La \u00fanica condici\u00f3n que falta para que haya pelea es que Mayweather Jr. d\u00e9 su conformidad de subir tambi\u00e9n al cuadril\u00e1tero.<\/p>\n<\/p>\n<p>Arum admiti\u00f3 que cuando Mayweather Jr. vea que tiene la posibilidad de ganar 120 millones de d\u00f3lares, se llevar\u00e1 el 60 por ciento de la bolsa, el 40 ser\u00e1 para Pacquiao, entonces no habr\u00e1 raz\u00f3n alguna para que diga que no.<\/p>\n<\/p>\n<p>Adem\u00e1s, con la aceptaci\u00f3n del p\u00fagil filipino, una negativa por parte del campe\u00f3n invicto estadounidense (47-0, 26 KOs), que el pr\u00f3ximo 24 de febrero cumplir\u00e1 38 a\u00f1os, ser\u00e1 vista como que tiene miedo a perder la pelea ante Pacquiao.<\/p>\n<\/p>\n<p>\u00abEntiendo que ser\u00e1 una buena bolsa, y es algo que el p\u00fablico realmente quiere, pero tambi\u00e9n que Floyd (Mayweather) se da cuenta que para \u00e9l el peor rival es Manny Pacquiao\u00bb, valor\u00f3 Arum, en un anticipo que tal vez el p\u00fagil estadounidense no quiera firmar el contrato. \u00abEstamos preparados para esta posibilidad y seguiremos luchando hasta el final para conseguir la pelea\u00bb.<\/p>\n<\/p>\n<p>De acuerdo con Arum, los representantes de Mayweather tienen muy claro el contenido del contrato, pero falta que les d\u00e9 la aprobaci\u00f3n.<\/p>\n<\/p>\n<p>Ya se habla tambi\u00e9n que la pelea ser\u00e1 promocionada de forma conjunta por las dos cadenas que poseen los derechos de trasmisi\u00f3n de ambos p\u00fagiles como son HBO, que tiene los de Pacquiao, y Showtime, que posee los de Mayweather Jr.<\/p>\n<\/p>\n<p>Algo que ya sucedi\u00f3 en el 2002 cuando se enfrentaron los pesos pesados, el brit\u00e1nico Lennox Lewis, que ten\u00eda contrato con HBO, y el estadounidense Mike Tyson, que pertenec\u00eda a Showtime.<\/p>\n<\/p>\n<p>Ambas cadenas de televisi\u00f3n de pago se repartieron por igual los ingresos de un combate que tambi\u00e9n fue demandado por varios a\u00f1os por los aficionados al mundo del boxeo.<\/p>\n<\/p>\n<p>Mayweather Jr. tiene que disputar todav\u00eda dos peleas m\u00e1s de las seis que firm\u00f3 con Showtime y cobrar 65 millones de d\u00f3lares.<\/p>\n<\/p>\n<p>Seg\u00fan explic\u00f3 Arum en sus declaraciones a los distintos medios estadounidenses, a los que confirm\u00f3 el acuerdo alcanzado con Pacquiao, ha sido la propia cadena CBS, a la que pertenece Showtime, la que m\u00e1s ha trabajado en los \u00faltimos meses para conseguir que la pelea pueda llevarse a cabo.<\/p>\n<\/p>\n<p>Tambi\u00e9n reconoci\u00f3 Arum que los propios representantes de Mayweather Jr. estar\u00edan de acuerdo en realizar la pelea, pero todav\u00eda no han conseguido el s\u00ed del propio boxeador.<\/p>\n<\/p>\n<p>\u00abEs lo mismo de siempre, su gente negocia, luego dicen que no las hubo, y Mayweather se queda al margen, cuando en realidad es el que ha dicho que no\u00bb, valor\u00f3 Arum. \u00abEso confirma mi sentimiento de que Mayweather no quiere pelear con Pacquiao. Nunca lo quiso\u00bb.<\/p>\n<\/p>\n<p>Pero Arum destac\u00f3 que Leslie Moonves, CEO de CBS; ha hecho un gran esfuerzo en la direcci\u00f3n de que la pelea se organice y lo demostr\u00f3 al hablar con todas las partes de forma abierta y sincera.<\/p>\n<\/p>\n<p>Tambi\u00e9n se ha dicho que Arum podr\u00eda haber dado un ultim\u00e1tum a los representantes de Mayweather Jr. (47-0, 26 KOs), encabezados por Al Haymon, para firmen la pelea o digan que la vetan, pero que dejen claras de una vez por todas sus intenciones.<\/p>\n<\/p>\n<p>\u00abNo voy a entrar en ese tipo de rumores, lo que s\u00ed tengo muy claro es que Mayweather Jr. no es ning\u00fan tonto, y si no ha llegado a un acuerdo es simplemente porque sabe que Pacquiao tiene el estilo que m\u00e1s da\u00f1o le puede hacer sobre un cuadril\u00e1tero\u00bb, coment\u00f3 Arum. \u00abEn lo que a nosotros respecta, hemos negociado todos los puntos y estamos en todos de acuerdo\u00bb.<\/p>\n<\/p>\n<p>Arum fue categ\u00f3rico al decir que Pacquiao ya firm\u00f3 todo y por su parte tambi\u00e9n estaban listos para la pelea.<\/p>\n<\/p>\n<p>\u00abNo puedo decir lo mismo del otro chico, pero ese no es mi trabajo. La gente que representa al otro chico tiene que entregarlo, eso es lo que esperamos\u00bb, a\u00f1adi\u00f3 el veterano promotor.<\/p>\n<\/p>\n<p>Arum reiter\u00f3 que decir que Pacquiao ya ha llegado a un acuerdo no es una estrategia para presionar a nadie, aunque reconoci\u00f3 que el objetivo final es que Mayweather Jr. salga y diga que acepta la pelea y firme el contrato.<\/p>\n<\/p>\n<p>El m\u00e1ximo responsable de Top Rank, promotor de Pacquiao, dijo que no habr\u00e1 una fecha l\u00edmite, pero espera que todo llegue en tiempo y forma y pueda darse con todas las garant\u00edas.<\/p>\n<\/p>\n<p>Pacquiao (57-5-2, 38 KOs), de 36 a\u00f1os, llegar\u00e1 a Estados Unidos en los pr\u00f3ximos d\u00edas para hacer publicidad de su documental y reunirse con Arum.<\/p>\n<\/p>\n<p>\u00abMi objetivo es que esta pelea se d\u00e9. Quiero que todos hagan mucho dinero, que el p\u00fablico est\u00e9 satisfecho. Y creo que ser\u00eda un evento magn\u00edfico. Eso es lo que deseo, y har\u00e9 todo lo que est\u00e9 en mi poder para que suceda\u00bb, sentenci\u00f3 Arum.<\/p>\n<\/p>\n<p>El veterano promotor tambi\u00e9n coment\u00f3 que en caso de cerrarse la pelea entre Pacquiao y Mayweather Jr., entonces buscar\u00edan otra fecha al posible combate entre el mexicano Sa\u00fal \u00c1lvarez y puertorrique\u00f1o Miguel Cotto, que tambi\u00e9n quer\u00edan que fuera el 2 de mayo.<\/p>\n<\/p>\n<p>A la espera de lo que decida Mayweather Jr. ya se habla que el precio de las entradas podr\u00edan llegar ha valer hasta 5.000 d\u00f3lares que permita recaudar 40 millones de d\u00f3lares de taquilla, la mayor en toda la historia del boxeo, y superar tambi\u00e9n los 150 millones de d\u00f3lares por los derechos de la televisi\u00f3n de pago. <\/p>\n<h6> 2015-01-15 09:29:49 <\/h6>\n<p><!--\n<link rel=\"stylesheet\" href=\"css\/bootstrap.min.css\">\n\n\n<ul class=\"pagination\">\n\t    \n\t\n\n<li >\n\t<a href='?page_no=15625'>Previous<\/a>\n\t<\/li>\n\n\n       \n    \n\n<li><a href='?page_no=1'>1<\/a><\/li>\n\n\n\n<li><a href='?page_no=2'>2<\/a><\/li>\n\n\n\n<li><a>...<\/a><\/li>\n\n\n\n<li><a href='?page_no=15624'>15624<\/a><\/li>\n\n\n\n<li><a href='?page_no=15625'>15625<\/a><\/li>\n\n\n\n<li class='active'><a>15626<\/a><\/li>\n\n\n\n<li><a href='?page_no=15627'>15627<\/a><\/li>\n\n\n\n<li><a href='?page_no=15628'>15628<\/a><\/li>\n\n\n\n<li><a>...<\/a><\/li>\n\n\n\n<li><a href='?page_no=36618'>36618<\/a><\/li>\n\n\n\n<li><a href='?page_no=36619'>36619<\/a><\/li>\n\n    \n\t\n\n<li >\n\t<a href='?page_no=15627'>Next<\/a>\n\t<\/li>\n\n\n    \n\n<li><a href='?page_no=36619'>Last &rsaquo;&rsaquo;<\/a><\/li>\n\n<\/ul>\n\n\n--><br \/>\n<\/body><\/p>\n","protected":false},"excerpt":{"rendered":"<p>Houston (EEUU), 15 enero .- La pelea que el mundo del boxeo ha reclamado en los \u00faltimos seis a\u00f1os entre el filipino Manny Pacquiao y el estadounidense Floyd Mayweather Jr dio un paso m\u00e1s hacia su posible realizaci\u00f3n con la aceptaci\u00f3n por parte del primero de todos los t\u00e9rminos que le han presentado. Ahora falta [&hellip;]<\/p>\n","protected":false},"author":3,"featured_media":0,"comment_status":"open","ping_status":"open","sticky":false,"template":"","format":"standard","meta":{"footnotes":""},"categories":[17],"tags":[],"class_list":["post-199088","post","type-post","status-publish","format-standard","hentry","category-deportes"],"_links":{"self":[{"href":"https:\/\/diariodominicano.com\/index.php?rest_route=\/wp\/v2\/posts\/199088","targetHints":{"allow":["GET"]}}],"collection":[{"href":"https:\/\/diariodominicano.com\/index.php?rest_route=\/wp\/v2\/posts"}],"about":[{"href":"https:\/\/diariodominicano.com\/index.php?rest_route=\/wp\/v2\/types\/post"}],"author":[{"embeddable":true,"href":"https:\/\/diariodominicano.com\/index.php?rest_route=\/wp\/v2\/users\/3"}],"replies":[{"embeddable":true,"href":"https:\/\/diariodominicano.com\/index.php?rest_route=%2Fwp%2Fv2%2Fcomments&post=199088"}],"version-history":[{"count":0,"href":"https:\/\/diariodominicano.com\/index.php?rest_route=\/wp\/v2\/posts\/199088\/revisions"}],"wp:attachment":[{"href":"https:\/\/diariodominicano.com\/index.php?rest_route=%2Fwp%2Fv2%2Fmedia&parent=199088"}],"wp:term":[{"taxonomy":"category","embeddable":true,"href":"https:\/\/diariodominicano.com\/index.php?rest_route=%2Fwp%2Fv2%2Fcategories&post=199088"},{"taxonomy":"post_tag","embeddable":true,"href":"https:\/\/diariodominicano.com\/index.php?rest_route=%2Fwp%2Fv2%2Ftags&post=199088"}],"curies":[{"name":"wp","href":"https:\/\/api.w.org\/{rel}","templated":true}]}}