{"id":199082,"date":"2015-01-15T15:54:10","date_gmt":"2015-01-15T15:54:10","guid":{"rendered":"http:\/\/diariodominicano.ddns.net\/?p=199082"},"modified":"2015-01-15T15:54:10","modified_gmt":"2015-01-15T15:54:10","slug":"puello-herrera-asegura-no-hay-duda-sobre-participacion-de-cuba","status":"publish","type":"post","link":"https:\/\/diariodominicano.com\/?p=199082","title":{"rendered":"Puello Herrera asegura no hay duda sobre participaci\u00f3n de Cuba"},"content":{"rendered":"<p><body><\/p>\n<p><img decoding=\"async\" src=\"img3\/JFPH.jpg\" \/>  <\/p>\n<p><span class=\"text1noticias\">Santo Domingo, RD, 15 de Enero.-El presidente de la Confederaci\u00f3n de B\u00e9isbol del Caribe, doctor Juan Francisco Puello Herrera declar\u00f3 este jueves que nunca ha existido dudas sobre la participaci\u00f3n de Cuba en la Serie del Caribe a celebrarse en Puerto Rico del 2 al 8 de febrero pr\u00f3ximo.<\/span><\/p>\n<\/p>\n<p><span class=\"text1noticias\">Al ser entrevistado en \u00abContacto Deportivo\u00bb, Puello Herrera, aunque no quiso entrar en detalles, asegur\u00f3 que nunca dijo que fuera incierta la intervenci\u00f3n de los cubanos en el Cl\u00e1sico Caribe\u00f1o.<\/span><\/p>\n<\/p>\n<p><span class=\"text1noticias\">Explic\u00f3 que desde abril se est\u00e1n haciendo las gestiones para que Cuba accione en el evento y que ya incluso tienen los pasajes, el hospedaje, transporte y toda la log\u00edstica y que s\u00f3lo est\u00e1n a la espera de la aprobaci\u00f3n de la Oficina de Control de Activos Extranjeros de Estados Unidos (OFAC).<\/span><\/p>\n<\/p>\n<p><span class=\"text1noticias\">\u00abLo \u00fanico es que estamos esperando es la autorizaci\u00f3n definitiva de la OFAC, la cual nos llegar\u00e1 a trav\u00e9s del abogado que contratamos para ello, Mark Bravin\u00bb, explic\u00f3 el directivo desde las oficinas en Santo Domingo, Rep\u00fablica Dominicana.<\/span><\/p>\n<\/p>\n<p><span class=\"text1noticias\">Record\u00f3 que con ocasi\u00f3n del Cl\u00e1sico de B\u00e9isbol la autorizaci\u00f3n para sellar la participaci\u00f3n de los cubanos lleg\u00f3 24 horas antes, por lo que no es nada fuera de lo normal que a\u00fan no haya llegado la autorizaci\u00f3n.<\/span><\/p>\n<\/p>\n<p><span class=\"text1noticias\">El presidente de la Confederaci\u00f3n del Caribe consider\u00f3 que la nueva entrada de Cuba ha sido un ingrediente adicional para el evento e indica que la Serie del Caribe siempre ha dejado beneficios econ\u00f3micos a los equipos participantes.<\/span><\/p>\n<\/p>\n<p><span class=\"text1noticias\">\u00abLa Serie del Caribe nunca ha dejado p\u00e9rdidas y nunca ha sido deficitaria, al contrario ha dejado beneficios a los equipos participantes\u00bb, expres\u00f3.<\/span><\/p>\n<\/p>\n<p><span class=\"text1noticias\">Asimismo, adelant\u00f3 que por el momento no pueden pensar en la entrada de otros pa\u00edses al Cl\u00e1sico porque primero tienen que tener la plataforma necesaria, adem\u00e1s de lo que representa eso en materia econ\u00f3mica, unos 900 mil d\u00f3lares para el ingreso de una nueva franquicia<\/span>.<\/p>\n<h6> 2015-01-15 15:54:10 <\/h6>\n<p><!--\n<link rel=\"stylesheet\" href=\"css\/bootstrap.min.css\">\n\n\n<ul class=\"pagination\">\n\t    \n\t\n\n<li >\n\t<a href='?page_no=15619'>Previous<\/a>\n\t<\/li>\n\n\n       \n    \n\n<li><a href='?page_no=1'>1<\/a><\/li>\n\n\n\n<li><a href='?page_no=2'>2<\/a><\/li>\n\n\n\n<li><a>...<\/a><\/li>\n\n\n\n<li><a href='?page_no=15618'>15618<\/a><\/li>\n\n\n\n<li><a href='?page_no=15619'>15619<\/a><\/li>\n\n\n\n<li class='active'><a>15620<\/a><\/li>\n\n\n\n<li><a href='?page_no=15621'>15621<\/a><\/li>\n\n\n\n<li><a href='?page_no=15622'>15622<\/a><\/li>\n\n\n\n<li><a>...<\/a><\/li>\n\n\n\n<li><a href='?page_no=36618'>36618<\/a><\/li>\n\n\n\n<li><a href='?page_no=36619'>36619<\/a><\/li>\n\n    \n\t\n\n<li >\n\t<a href='?page_no=15621'>Next<\/a>\n\t<\/li>\n\n\n    \n\n<li><a href='?page_no=36619'>Last &rsaquo;&rsaquo;<\/a><\/li>\n\n<\/ul>\n\n\n--><br \/>\n<\/body><\/p>\n","protected":false},"excerpt":{"rendered":"<p>Santo Domingo, RD, 15 de Enero.-El presidente de la Confederaci\u00f3n de B\u00e9isbol del Caribe, doctor Juan Francisco Puello Herrera declar\u00f3 este jueves que nunca ha existido dudas sobre la participaci\u00f3n de Cuba en la Serie del Caribe a celebrarse en Puerto Rico del 2 al 8 de febrero pr\u00f3ximo. Al ser entrevistado en \u00abContacto Deportivo\u00bb, [&hellip;]<\/p>\n","protected":false},"author":3,"featured_media":0,"comment_status":"open","ping_status":"open","sticky":false,"template":"","format":"standard","meta":{"footnotes":""},"categories":[17],"tags":[],"class_list":["post-199082","post","type-post","status-publish","format-standard","hentry","category-deportes"],"_links":{"self":[{"href":"https:\/\/diariodominicano.com\/index.php?rest_route=\/wp\/v2\/posts\/199082","targetHints":{"allow":["GET"]}}],"collection":[{"href":"https:\/\/diariodominicano.com\/index.php?rest_route=\/wp\/v2\/posts"}],"about":[{"href":"https:\/\/diariodominicano.com\/index.php?rest_route=\/wp\/v2\/types\/post"}],"author":[{"embeddable":true,"href":"https:\/\/diariodominicano.com\/index.php?rest_route=\/wp\/v2\/users\/3"}],"replies":[{"embeddable":true,"href":"https:\/\/diariodominicano.com\/index.php?rest_route=%2Fwp%2Fv2%2Fcomments&post=199082"}],"version-history":[{"count":0,"href":"https:\/\/diariodominicano.com\/index.php?rest_route=\/wp\/v2\/posts\/199082\/revisions"}],"wp:attachment":[{"href":"https:\/\/diariodominicano.com\/index.php?rest_route=%2Fwp%2Fv2%2Fmedia&parent=199082"}],"wp:term":[{"taxonomy":"category","embeddable":true,"href":"https:\/\/diariodominicano.com\/index.php?rest_route=%2Fwp%2Fv2%2Fcategories&post=199082"},{"taxonomy":"post_tag","embeddable":true,"href":"https:\/\/diariodominicano.com\/index.php?rest_route=%2Fwp%2Fv2%2Ftags&post=199082"}],"curies":[{"name":"wp","href":"https:\/\/api.w.org\/{rel}","templated":true}]}}