{"id":199078,"date":"2015-01-16T09:23:25","date_gmt":"2015-01-16T09:23:25","guid":{"rendered":"http:\/\/diariodominicano.ddns.net\/?p=199078"},"modified":"2015-01-16T09:23:25","modified_gmt":"2015-01-16T09:23:25","slug":"panam-de-judo-inicia-hoy-con-180-atletas-con-la-participacion-de-atletas-de-varios-paises","status":"publish","type":"post","link":"https:\/\/diariodominicano.com\/?p=199078","title":{"rendered":"Panam de Judo inicia hoy con 180 atletas; con la participaci\u00f3n de atletas de varios pa\u00edses"},"content":{"rendered":"<p><body><\/p>\n<p><img decoding=\"async\" src=\"img3\/judo 1.jpeg\" \/>  <\/p>\n<p>Santo Domingo RD 16 enero.- Con la participaci\u00f3n de unos 180 atletas de diferentes pa\u00edses, inicia este viernes la Copa Abierta Panamericana Cadete y Junior, correspondiente a la primera pata del Circuito Mundial de Judo en el Pabell\u00f3n de ese deporte en el Centro Ol\u00edmpico.<\/p>\n<\/p>\n<p>Los primeros combates eliminatorios est\u00e1n pautados para comenzar a las 10:00 de la ma\u00f1ana, mientras que la inauguraci\u00f3n se llevar\u00e1 a cabo a las 4:00 de la tarde, y luego las peleas finales.<\/p>\n<\/p>\n<p>El presidente de la Federaci\u00f3n Dominicana de Judo (Fedojudo), Gilberto Garc\u00eda, inform\u00f3 adem\u00e1s que el s\u00e1bado, desde las 10:00 de la ma\u00f1ana, comenzar\u00e1n las eliminatorias y en la tarde se llevar\u00e1n a cabo las finales del Circuito Mundial.<\/p>\n<\/p>\n<p>Para el domingo, cuando concluye el certamen, los pa\u00edses participantes competir\u00e1n en opci\u00f3n a la Copa del Caribe de Judo.<\/p>\n<\/p>\n<p>\u00abEl objetivo es celebrar cada ano este evento y que m\u00e1s pa\u00edses participen. Lo que se busca es el desarrollo del judo en las modalidades cadete juvenil\u00bb, indic\u00f3 Garc\u00eda.<\/p>\n<\/p>\n<p>La justa es organizada por la Federaci\u00f3n Internacional de Judo (FIJ) y la Confederaci\u00f3n Panamericana de Judo (CPJ), en coordinaci\u00f3n con la Fedojudo.<\/p>\n<\/p>\n<p>En la II Copa Open Panamericana de Judo tomar\u00e1n parte atletas entre las edades de 15 a 19 a\u00f1os procedentes de Estados Unidos, Brasil, Barbados, El Salvador, Costa Rica, Puerto Rico, Hait\u00ed y Rep\u00fablica Dominicana, entre otros.<\/p>\n<\/p>\n<p>La Rep\u00fablica Dominicana, en su condici\u00f3n de anfitriona del campeonato, participar\u00e1 con un total de 85 atletas, incluidos 40 en la rama femenina y 45 en masculino.<\/p>\n<\/p>\n<p>La segunda pata de la II Copa Open Panamericana de Judo tendr\u00e1 lugar el pr\u00f3ximo fin de semana en Puerto Rico y luego se llevar\u00e1 a cabo en Miami.<\/p>\n<h6> 2015-01-16 09:23:25 <\/h6>\n<p><!--\n<link rel=\"stylesheet\" href=\"css\/bootstrap.min.css\">\n\n\n<ul class=\"pagination\">\n\t    \n\t\n\n<li >\n\t<a href='?page_no=15616'>Previous<\/a>\n\t<\/li>\n\n\n       \n    \n\n<li><a href='?page_no=1'>1<\/a><\/li>\n\n\n\n<li><a href='?page_no=2'>2<\/a><\/li>\n\n\n\n<li><a>...<\/a><\/li>\n\n\n\n<li><a href='?page_no=15615'>15615<\/a><\/li>\n\n\n\n<li><a href='?page_no=15616'>15616<\/a><\/li>\n\n\n\n<li class='active'><a>15617<\/a><\/li>\n\n\n\n<li><a href='?page_no=15618'>15618<\/a><\/li>\n\n\n\n<li><a href='?page_no=15619'>15619<\/a><\/li>\n\n\n\n<li><a>...<\/a><\/li>\n\n\n\n<li><a href='?page_no=36618'>36618<\/a><\/li>\n\n\n\n<li><a href='?page_no=36619'>36619<\/a><\/li>\n\n    \n\t\n\n<li >\n\t<a href='?page_no=15618'>Next<\/a>\n\t<\/li>\n\n\n    \n\n<li><a href='?page_no=36619'>Last &rsaquo;&rsaquo;<\/a><\/li>\n\n<\/ul>\n\n\n--><br \/>\n<\/body><\/p>\n","protected":false},"excerpt":{"rendered":"<p>Santo Domingo RD 16 enero.- Con la participaci\u00f3n de unos 180 atletas de diferentes pa\u00edses, inicia este viernes la Copa Abierta Panamericana Cadete y Junior, correspondiente a la primera pata del Circuito Mundial de Judo en el Pabell\u00f3n de ese deporte en el Centro Ol\u00edmpico. Los primeros combates eliminatorios est\u00e1n pautados para comenzar a las [&hellip;]<\/p>\n","protected":false},"author":3,"featured_media":0,"comment_status":"open","ping_status":"open","sticky":false,"template":"","format":"standard","meta":{"footnotes":""},"categories":[17],"tags":[],"class_list":["post-199078","post","type-post","status-publish","format-standard","hentry","category-deportes"],"_links":{"self":[{"href":"https:\/\/diariodominicano.com\/index.php?rest_route=\/wp\/v2\/posts\/199078","targetHints":{"allow":["GET"]}}],"collection":[{"href":"https:\/\/diariodominicano.com\/index.php?rest_route=\/wp\/v2\/posts"}],"about":[{"href":"https:\/\/diariodominicano.com\/index.php?rest_route=\/wp\/v2\/types\/post"}],"author":[{"embeddable":true,"href":"https:\/\/diariodominicano.com\/index.php?rest_route=\/wp\/v2\/users\/3"}],"replies":[{"embeddable":true,"href":"https:\/\/diariodominicano.com\/index.php?rest_route=%2Fwp%2Fv2%2Fcomments&post=199078"}],"version-history":[{"count":0,"href":"https:\/\/diariodominicano.com\/index.php?rest_route=\/wp\/v2\/posts\/199078\/revisions"}],"wp:attachment":[{"href":"https:\/\/diariodominicano.com\/index.php?rest_route=%2Fwp%2Fv2%2Fmedia&parent=199078"}],"wp:term":[{"taxonomy":"category","embeddable":true,"href":"https:\/\/diariodominicano.com\/index.php?rest_route=%2Fwp%2Fv2%2Fcategories&post=199078"},{"taxonomy":"post_tag","embeddable":true,"href":"https:\/\/diariodominicano.com\/index.php?rest_route=%2Fwp%2Fv2%2Ftags&post=199078"}],"curies":[{"name":"wp","href":"https:\/\/api.w.org\/{rel}","templated":true}]}}