{"id":199074,"date":"2015-01-16T14:28:53","date_gmt":"2015-01-16T14:28:53","guid":{"rendered":"http:\/\/diariodominicano.ddns.net\/?p=199074"},"modified":"2015-01-16T14:28:53","modified_gmt":"2015-01-16T14:28:53","slug":"republica-dominicana-sera-sede-de-copa-panamericana-sub-20","status":"publish","type":"post","link":"https:\/\/diariodominicano.com\/?p=199074","title":{"rendered":"Republica Dominicana ser\u00e1 sede de Copa Panamericana Sub 20"},"content":{"rendered":"<p><body><\/p>\n<p><img decoding=\"async\" src=\"img3\/voli 12.jpg\" \/>  <\/p>\n<p>TIJUANA, M\u00e9xico, Enero 16.- Rep\u00fablica Dominicana albergar\u00e1 la Copa Panamericana Sub 20 femenil, mientras que M\u00e9xico ser\u00e1 la sede del Campeonato Continental Femenino de la Norceca, a desarrollarse en Morelia.<\/p>\n<\/p>\n<p>La noticia sobre estos anuncios trascendi\u00f3 luego de que se presentaran los pormenores de cada evento en el marco de las reuniones de comisiones que se llevan a cabo en el Grand Hotel Tijuana. <\/p>\n<\/p>\n<p>La Copa Panamericana Sub 20 femenil se llevar\u00e1 a cabo en el Centro Ol\u00edmpico Juan Pablo Duarte, el cual ha sido objeto de remodelaciones y estar\u00e1 listo para el torneo que se desarrollar\u00e1 del 18 al 26 de abril.<\/p>\n<\/p>\n<p>Por su parte, la Ciudad de Morelia, M\u00e9xico, qued\u00f3 confirmada como sede oficial del Campeonato Continental Femenino a finales de septiembre y principios de octubre.<\/p>\n<\/p>\n<p>El Comit\u00e9 Organizador del campeonato continental comparti\u00f3 tambi\u00e9n la campa\u00f1a promocional del estado anfitri\u00f3n en la presentaci\u00f3n de la competencia para la cual se analizaron los gimnasios de preparaci\u00f3n y entrenamiento, as\u00ed como los hoteles para competidores, personal t\u00e9cnico, referees y personal del comit\u00e9 de control que estar\u00e1 asignado para este evento.<\/p>\n<\/p>\n<h6> 2015-01-16 14:28:53 <\/h6>\n<p><!--\n<link rel=\"stylesheet\" href=\"css\/bootstrap.min.css\">\n\n\n<ul class=\"pagination\">\n\t    \n\t\n\n<li >\n\t<a href='?page_no=15612'>Previous<\/a>\n\t<\/li>\n\n\n       \n    \n\n<li><a href='?page_no=1'>1<\/a><\/li>\n\n\n\n<li><a href='?page_no=2'>2<\/a><\/li>\n\n\n\n<li><a>...<\/a><\/li>\n\n\n\n<li><a href='?page_no=15611'>15611<\/a><\/li>\n\n\n\n<li><a href='?page_no=15612'>15612<\/a><\/li>\n\n\n\n<li class='active'><a>15613<\/a><\/li>\n\n\n\n<li><a href='?page_no=15614'>15614<\/a><\/li>\n\n\n\n<li><a href='?page_no=15615'>15615<\/a><\/li>\n\n\n\n<li><a>...<\/a><\/li>\n\n\n\n<li><a href='?page_no=36618'>36618<\/a><\/li>\n\n\n\n<li><a href='?page_no=36619'>36619<\/a><\/li>\n\n    \n\t\n\n<li >\n\t<a href='?page_no=15614'>Next<\/a>\n\t<\/li>\n\n\n    \n\n<li><a href='?page_no=36619'>Last &rsaquo;&rsaquo;<\/a><\/li>\n\n<\/ul>\n\n\n--><br \/>\n<\/body><\/p>\n","protected":false},"excerpt":{"rendered":"<p>TIJUANA, M\u00e9xico, Enero 16.- Rep\u00fablica Dominicana albergar\u00e1 la Copa Panamericana Sub 20 femenil, mientras que M\u00e9xico ser\u00e1 la sede del Campeonato Continental Femenino de la Norceca, a desarrollarse en Morelia. La noticia sobre estos anuncios trascendi\u00f3 luego de que se presentaran los pormenores de cada evento en el marco de las reuniones de comisiones que [&hellip;]<\/p>\n","protected":false},"author":3,"featured_media":0,"comment_status":"open","ping_status":"open","sticky":false,"template":"","format":"standard","meta":{"footnotes":""},"categories":[17],"tags":[],"class_list":["post-199074","post","type-post","status-publish","format-standard","hentry","category-deportes"],"_links":{"self":[{"href":"https:\/\/diariodominicano.com\/index.php?rest_route=\/wp\/v2\/posts\/199074","targetHints":{"allow":["GET"]}}],"collection":[{"href":"https:\/\/diariodominicano.com\/index.php?rest_route=\/wp\/v2\/posts"}],"about":[{"href":"https:\/\/diariodominicano.com\/index.php?rest_route=\/wp\/v2\/types\/post"}],"author":[{"embeddable":true,"href":"https:\/\/diariodominicano.com\/index.php?rest_route=\/wp\/v2\/users\/3"}],"replies":[{"embeddable":true,"href":"https:\/\/diariodominicano.com\/index.php?rest_route=%2Fwp%2Fv2%2Fcomments&post=199074"}],"version-history":[{"count":0,"href":"https:\/\/diariodominicano.com\/index.php?rest_route=\/wp\/v2\/posts\/199074\/revisions"}],"wp:attachment":[{"href":"https:\/\/diariodominicano.com\/index.php?rest_route=%2Fwp%2Fv2%2Fmedia&parent=199074"}],"wp:term":[{"taxonomy":"category","embeddable":true,"href":"https:\/\/diariodominicano.com\/index.php?rest_route=%2Fwp%2Fv2%2Fcategories&post=199074"},{"taxonomy":"post_tag","embeddable":true,"href":"https:\/\/diariodominicano.com\/index.php?rest_route=%2Fwp%2Fv2%2Ftags&post=199074"}],"curies":[{"name":"wp","href":"https:\/\/api.w.org\/{rel}","templated":true}]}}