{"id":199069,"date":"2015-01-16T14:49:42","date_gmt":"2015-01-16T14:49:42","guid":{"rendered":"http:\/\/diariodominicano.ddns.net\/?p=199069"},"modified":"2015-01-16T14:49:42","modified_gmt":"2015-01-16T14:49:42","slug":"muhammad-ali-vuelve-al-hospital-afectado-en-las-vias-urinarias","status":"publish","type":"post","link":"https:\/\/diariodominicano.com\/?p=199069","title":{"rendered":"Muhammad Ali vuelve al hospital, afectado en las v\u00edas urinarias"},"content":{"rendered":"<p><body><\/p>\n<p><img decoding=\"async\" src=\"img3\/ali 1.jpg\" \/>  <\/p>\n<p>LOUISVILLE, KENTUCKY 16 enero. Muhammad Ali volvi\u00f3 a internarse en un hospital, para recibir atenci\u00f3n de \u00abseguimiento\u00bb tras sufrir una infecci\u00f3n en las v\u00edas urinarias, dijo el jueves un vocero del legendario ex boxeador.<\/p>\n<\/p>\n<p>Bob Gunnell, portavoz de la familia de Ali inform\u00f3 que el ex monarca de los pesados fue internado en una cl\u00ednica no revelada a comienzos de esta semana. Gunnell a\u00f1adi\u00f3 que se espera que Ali reciba el alta el viernes.<\/p>\n<\/p>\n<p>Originalmente, Ali fue hospitalizado el 20 de diciembre, por lo que result\u00f3 ser una grave infecci\u00f3n urinaria. Se le dio el alta la semana pasada.<\/p>\n<\/p>\n<p>De acuerdo con Gunnell, Ali espera celebrar su 73er cumplea\u00f1os el s\u00e1bado, con sus familiares en una de sus residencias.<\/p>\n<\/p>\n<p>Desde hace d\u00e9cadas, Ali libra una batalla contra el mal de Parkinson.<\/p>\n<\/p>\n<h6> 2015-01-16 14:49:42 <\/h6>\n<p><!--\n<link rel=\"stylesheet\" href=\"css\/bootstrap.min.css\">\n\n\n<ul class=\"pagination\">\n\t    \n\t\n\n<li >\n\t<a href='?page_no=15608'>Previous<\/a>\n\t<\/li>\n\n\n       \n    \n\n<li><a href='?page_no=1'>1<\/a><\/li>\n\n\n\n<li><a href='?page_no=2'>2<\/a><\/li>\n\n\n\n<li><a>...<\/a><\/li>\n\n\n\n<li><a href='?page_no=15607'>15607<\/a><\/li>\n\n\n\n<li><a href='?page_no=15608'>15608<\/a><\/li>\n\n\n\n<li class='active'><a>15609<\/a><\/li>\n\n\n\n<li><a href='?page_no=15610'>15610<\/a><\/li>\n\n\n\n<li><a href='?page_no=15611'>15611<\/a><\/li>\n\n\n\n<li><a>...<\/a><\/li>\n\n\n\n<li><a href='?page_no=36618'>36618<\/a><\/li>\n\n\n\n<li><a href='?page_no=36619'>36619<\/a><\/li>\n\n    \n\t\n\n<li >\n\t<a href='?page_no=15610'>Next<\/a>\n\t<\/li>\n\n\n    \n\n<li><a href='?page_no=36619'>Last &rsaquo;&rsaquo;<\/a><\/li>\n\n<\/ul>\n\n\n--><br \/>\n<\/body><\/p>\n","protected":false},"excerpt":{"rendered":"<p>LOUISVILLE, KENTUCKY 16 enero. Muhammad Ali volvi\u00f3 a internarse en un hospital, para recibir atenci\u00f3n de \u00abseguimiento\u00bb tras sufrir una infecci\u00f3n en las v\u00edas urinarias, dijo el jueves un vocero del legendario ex boxeador. Bob Gunnell, portavoz de la familia de Ali inform\u00f3 que el ex monarca de los pesados fue internado en una cl\u00ednica [&hellip;]<\/p>\n","protected":false},"author":3,"featured_media":0,"comment_status":"open","ping_status":"open","sticky":false,"template":"","format":"standard","meta":{"footnotes":""},"categories":[17],"tags":[],"class_list":["post-199069","post","type-post","status-publish","format-standard","hentry","category-deportes"],"_links":{"self":[{"href":"https:\/\/diariodominicano.com\/index.php?rest_route=\/wp\/v2\/posts\/199069","targetHints":{"allow":["GET"]}}],"collection":[{"href":"https:\/\/diariodominicano.com\/index.php?rest_route=\/wp\/v2\/posts"}],"about":[{"href":"https:\/\/diariodominicano.com\/index.php?rest_route=\/wp\/v2\/types\/post"}],"author":[{"embeddable":true,"href":"https:\/\/diariodominicano.com\/index.php?rest_route=\/wp\/v2\/users\/3"}],"replies":[{"embeddable":true,"href":"https:\/\/diariodominicano.com\/index.php?rest_route=%2Fwp%2Fv2%2Fcomments&post=199069"}],"version-history":[{"count":0,"href":"https:\/\/diariodominicano.com\/index.php?rest_route=\/wp\/v2\/posts\/199069\/revisions"}],"wp:attachment":[{"href":"https:\/\/diariodominicano.com\/index.php?rest_route=%2Fwp%2Fv2%2Fmedia&parent=199069"}],"wp:term":[{"taxonomy":"category","embeddable":true,"href":"https:\/\/diariodominicano.com\/index.php?rest_route=%2Fwp%2Fv2%2Fcategories&post=199069"},{"taxonomy":"post_tag","embeddable":true,"href":"https:\/\/diariodominicano.com\/index.php?rest_route=%2Fwp%2Fv2%2Ftags&post=199069"}],"curies":[{"name":"wp","href":"https:\/\/api.w.org\/{rel}","templated":true}]}}