{"id":199062,"date":"2015-01-17T10:31:07","date_gmt":"2015-01-17T10:31:07","guid":{"rendered":"http:\/\/diariodominicano.ddns.net\/?p=199062"},"modified":"2015-01-17T10:31:07","modified_gmt":"2015-01-17T10:31:07","slug":"fedombal-escoge-francisco-garcia-su-atleta-del-ano","status":"publish","type":"post","link":"https:\/\/diariodominicano.com\/?p=199062","title":{"rendered":"FEDOMBAL escoge Francisco Garc\u00eda su Atleta del A\u00f1o&#13;"},"content":{"rendered":"<p><body><\/p>\n<p><img decoding=\"async\" src=\"img3\/fran 1.jpg\" \/>  <\/p>\n<p>Santo Domingo RFD 17 enero- El peque\u00f1o delantero Francisco Garc\u00eda fue escogido Atleta del A\u00f1o por la Federaci\u00f3n Dominicana de Baloncesto (Fedombal) y ser\u00e1 premiado en la Gala Ol\u00edmpica que organiza el Comit\u00e9 Ol\u00edmpico Dominicano (COD) el pr\u00f3ximo 4 de febrero, en el hotel El Embajador.<\/p>\n<\/p>\n<p>La informaci\u00f3n la suministr\u00f3 el ingeniero Rafael Uribe, presidente de Fedombal, quien expres\u00f3 que \u00abla escogencia de Francisco se debi\u00f3 a su gran actuaci\u00f3n en el Campeonato Mundial de Baloncesto de Espa\u00f1a 2014, donde la selecci\u00f3n nacional dominicana pudo avanzar a la segunda fase de eliminaci\u00f3n y que dio espacio a los primeros 16 equipos\u00bb.<\/p>\n<\/p>\n<p>As\u00ed mismo, destac\u00f3 Uribe que \u00abese avance tambi\u00e9n nos dio la oportunidad de ubicarnos en el puesto n\u00famero 20 del ranking mundial de la Federaci\u00f3n Internacional de Baloncesto (FIBA).<\/p>\n<\/p>\n<p>Inform\u00f3 que Garc\u00eda confirm\u00f3 su asistencia a la Gala Ol\u00edmpica del COD.<\/p>\n<\/p>\n<p>\u00abCisco\u00bb ha jugado en la NBA con Houston Rockets y Kings de Sacramento.<\/p>\n<\/p>\n<p>14.7 fue el promedio de puntos -l\u00edder del equipo- logrado por Francisco Garc\u00eda en la Copa Mundial de Espa\u00f1a 2014. Tuvo un total de 88 puntos, donde jug\u00f3 los seis partidos, 141 minutos, tir\u00f3 de 26-15 de campo, 28-18 de tres.<\/p>\n<h6> 2015-01-17 10:31:07 <\/h6>\n<p><!--\n<link rel=\"stylesheet\" href=\"css\/bootstrap.min.css\">\n\n\n<ul class=\"pagination\">\n\t    \n\t\n\n<li >\n\t<a href='?page_no=15601'>Previous<\/a>\n\t<\/li>\n\n\n       \n    \n\n<li><a href='?page_no=1'>1<\/a><\/li>\n\n\n\n<li><a href='?page_no=2'>2<\/a><\/li>\n\n\n\n<li><a>...<\/a><\/li>\n\n\n\n<li><a href='?page_no=15600'>15600<\/a><\/li>\n\n\n\n<li><a href='?page_no=15601'>15601<\/a><\/li>\n\n\n\n<li class='active'><a>15602<\/a><\/li>\n\n\n\n<li><a href='?page_no=15603'>15603<\/a><\/li>\n\n\n\n<li><a href='?page_no=15604'>15604<\/a><\/li>\n\n\n\n<li><a>...<\/a><\/li>\n\n\n\n<li><a href='?page_no=36618'>36618<\/a><\/li>\n\n\n\n<li><a href='?page_no=36619'>36619<\/a><\/li>\n\n    \n\t\n\n<li >\n\t<a href='?page_no=15603'>Next<\/a>\n\t<\/li>\n\n\n    \n\n<li><a href='?page_no=36619'>Last &rsaquo;&rsaquo;<\/a><\/li>\n\n<\/ul>\n\n\n--><br \/>\n<\/body><\/p>\n","protected":false},"excerpt":{"rendered":"<p>Santo Domingo RFD 17 enero- El peque\u00f1o delantero Francisco Garc\u00eda fue escogido Atleta del A\u00f1o por la Federaci\u00f3n Dominicana de Baloncesto (Fedombal) y ser\u00e1 premiado en la Gala Ol\u00edmpica que organiza el Comit\u00e9 Ol\u00edmpico Dominicano (COD) el pr\u00f3ximo 4 de febrero, en el hotel El Embajador. La informaci\u00f3n la suministr\u00f3 el ingeniero Rafael Uribe, presidente [&hellip;]<\/p>\n","protected":false},"author":3,"featured_media":0,"comment_status":"open","ping_status":"open","sticky":false,"template":"","format":"standard","meta":{"footnotes":""},"categories":[17],"tags":[],"class_list":["post-199062","post","type-post","status-publish","format-standard","hentry","category-deportes"],"_links":{"self":[{"href":"https:\/\/diariodominicano.com\/index.php?rest_route=\/wp\/v2\/posts\/199062","targetHints":{"allow":["GET"]}}],"collection":[{"href":"https:\/\/diariodominicano.com\/index.php?rest_route=\/wp\/v2\/posts"}],"about":[{"href":"https:\/\/diariodominicano.com\/index.php?rest_route=\/wp\/v2\/types\/post"}],"author":[{"embeddable":true,"href":"https:\/\/diariodominicano.com\/index.php?rest_route=\/wp\/v2\/users\/3"}],"replies":[{"embeddable":true,"href":"https:\/\/diariodominicano.com\/index.php?rest_route=%2Fwp%2Fv2%2Fcomments&post=199062"}],"version-history":[{"count":0,"href":"https:\/\/diariodominicano.com\/index.php?rest_route=\/wp\/v2\/posts\/199062\/revisions"}],"wp:attachment":[{"href":"https:\/\/diariodominicano.com\/index.php?rest_route=%2Fwp%2Fv2%2Fmedia&parent=199062"}],"wp:term":[{"taxonomy":"category","embeddable":true,"href":"https:\/\/diariodominicano.com\/index.php?rest_route=%2Fwp%2Fv2%2Fcategories&post=199062"},{"taxonomy":"post_tag","embeddable":true,"href":"https:\/\/diariodominicano.com\/index.php?rest_route=%2Fwp%2Fv2%2Ftags&post=199062"}],"curies":[{"name":"wp","href":"https:\/\/api.w.org\/{rel}","templated":true}]}}