{"id":198945,"date":"2015-01-30T00:33:31","date_gmt":"2015-01-30T00:33:31","guid":{"rendered":"http:\/\/diariodominicano.ddns.net\/?p=198945"},"modified":"2015-01-30T00:33:31","modified_gmt":"2015-01-30T00:33:31","slug":"equipo-rd-entrena-para-serie-del-caribe-a-celebrarse-del-2-al-8-de-febrero","status":"publish","type":"post","link":"https:\/\/diariodominicano.com\/?p=198945","title":{"rendered":"&#13;Equipo RD entrena para Serie del Caribe a celebrarse del 2 al 8 de febrero"},"content":{"rendered":"<p><body><\/p>\n<p><img decoding=\"async\" src=\"img3\/audo 3.jpeg\" \/>  <\/p>\n<p>San Francisco de Macor\u00eds RD 30 enero.- Con un pelot\u00f3n de 15 jugadores, el equipo que representar\u00e1 a la Republica Dominicana en la pr\u00f3xima Serie del Caribe, San Juan 2015, realiz\u00f3 ayer sus primeros entrenamientos con miras a su participaci\u00f3n en ese certamen caribe\u00f1o.<\/p>\n<\/p>\n<p>El dirigente campe\u00f3n, Audo Vicente, valor\u00f3 como positivo el primer d\u00eda de pr\u00e1ctica de cara a ese evento que se celebrar\u00e1 del 2 al 8 de febrero.<\/p>\n<\/p>\n<p>\u00abEsto es un compromiso de todos y vamos a aepresentar la Rep\u00fablica Dominicana, es extraordinaria la integraci\u00f3n tanto de los jugadores de la franquicia como los refuerzos, quienes est\u00e1n todos entusiasmados con su participaci\u00f3n\u00bb, dijo.<\/p>\n<\/p>\n<p>Entre los jugadores presentes en los entrenamientos, jugadores de posici\u00f3n: Carlos Paulino, Francisco Pe\u00f1a, Robinzon D\u00edaz, receptores;  Jonathan Villar (SS), Luis Jim\u00e9nez (3B), Alexi Casilla (Inf), H\u00e9ctor G\u00f3mez (SS), Willy Garc\u00eda (OF) y Jeffrey P\u00e9rez (OF).<\/p>\n<\/p>\n<p>Los lanzadores: T.J. Pe\u00f1a, Edwar Valdez, Willy Paredes, Carlos Pimentel, Juan P\u00e9rez, Rafael P\u00e9rez.\u00a8<\/p>\n<\/p>\n<p>\u00abSer\u00e1 magnifica esta experiencia sobre todo participando con mi equipo, vamos a asistir a la Serie del Caribe con la misma m\u00edstica e intensidad que jugamos en la temporada invernal, adem\u00e1s la armon\u00eda siempre ha sido un gran punto a nuestro favor\u00a8, dijo el capit\u00e1n Alexi Casilla.<\/p>\n<\/p>\n<p>Este viernes el equipo dominicano ser\u00e1 recibido en el despacho del presidente Danilo Medina, quien har\u00e1 entrega de la bandera rricolor.<\/p>\n<\/p>\n<p> La pr\u00f3xima sesi\u00f3n de entrenamientos ser\u00e1 el s\u00e1bado a partir de las 10:00 de la ma\u00f1ana. en la cual se espera la escuadra  completa.<\/p>\n<\/p>\n<p>Rep\u00fablica Dominicana debutar\u00e1 en esa justa caribe\u00f1a el pr\u00f3ximo martes 3 de febrero ante la selecci\u00f3n de Cuba a partir de la 1:00 p.m.<\/p>\n<h6> 2015-01-30 00:33:31 <\/h6>\n<p><!--\n<link rel=\"stylesheet\" href=\"css\/bootstrap.min.css\">\n\n\n<ul class=\"pagination\">\n\t    \n\t\n\n<li >\n\t<a href='?page_no=15497'>Previous<\/a>\n\t<\/li>\n\n\n       \n    \n\n<li><a href='?page_no=1'>1<\/a><\/li>\n\n\n\n<li><a href='?page_no=2'>2<\/a><\/li>\n\n\n\n<li><a>...<\/a><\/li>\n\n\n\n<li><a href='?page_no=15496'>15496<\/a><\/li>\n\n\n\n<li><a href='?page_no=15497'>15497<\/a><\/li>\n\n\n\n<li class='active'><a>15498<\/a><\/li>\n\n\n\n<li><a href='?page_no=15499'>15499<\/a><\/li>\n\n\n\n<li><a href='?page_no=15500'>15500<\/a><\/li>\n\n\n\n<li><a>...<\/a><\/li>\n\n\n\n<li><a href='?page_no=36618'>36618<\/a><\/li>\n\n\n\n<li><a href='?page_no=36619'>36619<\/a><\/li>\n\n    \n\t\n\n<li >\n\t<a href='?page_no=15499'>Next<\/a>\n\t<\/li>\n\n\n    \n\n<li><a href='?page_no=36619'>Last &rsaquo;&rsaquo;<\/a><\/li>\n\n<\/ul>\n\n\n--><br \/>\n<\/body><\/p>\n","protected":false},"excerpt":{"rendered":"<p>San Francisco de Macor\u00eds RD 30 enero.- Con un pelot\u00f3n de 15 jugadores, el equipo que representar\u00e1 a la Republica Dominicana en la pr\u00f3xima Serie del Caribe, San Juan 2015, realiz\u00f3 ayer sus primeros entrenamientos con miras a su participaci\u00f3n en ese certamen caribe\u00f1o. El dirigente campe\u00f3n, Audo Vicente, valor\u00f3 como positivo el primer d\u00eda [&hellip;]<\/p>\n","protected":false},"author":3,"featured_media":0,"comment_status":"open","ping_status":"open","sticky":false,"template":"","format":"standard","meta":{"footnotes":""},"categories":[17],"tags":[],"class_list":["post-198945","post","type-post","status-publish","format-standard","hentry","category-deportes"],"_links":{"self":[{"href":"https:\/\/diariodominicano.com\/index.php?rest_route=\/wp\/v2\/posts\/198945","targetHints":{"allow":["GET"]}}],"collection":[{"href":"https:\/\/diariodominicano.com\/index.php?rest_route=\/wp\/v2\/posts"}],"about":[{"href":"https:\/\/diariodominicano.com\/index.php?rest_route=\/wp\/v2\/types\/post"}],"author":[{"embeddable":true,"href":"https:\/\/diariodominicano.com\/index.php?rest_route=\/wp\/v2\/users\/3"}],"replies":[{"embeddable":true,"href":"https:\/\/diariodominicano.com\/index.php?rest_route=%2Fwp%2Fv2%2Fcomments&post=198945"}],"version-history":[{"count":0,"href":"https:\/\/diariodominicano.com\/index.php?rest_route=\/wp\/v2\/posts\/198945\/revisions"}],"wp:attachment":[{"href":"https:\/\/diariodominicano.com\/index.php?rest_route=%2Fwp%2Fv2%2Fmedia&parent=198945"}],"wp:term":[{"taxonomy":"category","embeddable":true,"href":"https:\/\/diariodominicano.com\/index.php?rest_route=%2Fwp%2Fv2%2Fcategories&post=198945"},{"taxonomy":"post_tag","embeddable":true,"href":"https:\/\/diariodominicano.com\/index.php?rest_route=%2Fwp%2Fv2%2Ftags&post=198945"}],"curies":[{"name":"wp","href":"https:\/\/api.w.org\/{rel}","templated":true}]}}