{"id":198938,"date":"2015-01-31T00:41:46","date_gmt":"2015-01-31T00:41:46","guid":{"rendered":"http:\/\/diariodominicano.ddns.net\/?p=198938"},"modified":"2015-01-31T00:41:46","modified_gmt":"2015-01-31T00:41:46","slug":"gigantes-del-cibao-listos-para-enfrentar-a-quien-sea-en-serie-del-caribe","status":"publish","type":"post","link":"https:\/\/diariodominicano.com\/?p=198938","title":{"rendered":"Gigantes del Cibao listos para enfrentar a quien sea en Serie del Caribe"},"content":{"rendered":"<p><body><\/p>\n<p><img decoding=\"async\" src=\"img3\/seri 31.jpg\" \/><br \/><img decoding=\"async\" src=\"img3\/pra c 30.jpg\" \/>  <\/p>\n<p>Santo Domingo RD 31 enero, -Los lanzadores Juan P\u00e9rez y Sandy Rosario completan la n\u00f3mina de 28 jugadores del equipo Dominicano que participar\u00e1 en la Serie del Caribe que inicia el lunes en San Juan, Puerto Rico.<\/p>\n<\/p>\n<p>P\u00e9rez y Rosario resolvieron algunos asuntos personales que ten\u00edan pendiente, raz\u00f3n por la que estar\u00e1n en el equipo dominicano.<\/p>\n<\/p>\n<p>\u00abP\u00e9rez y Rosario son dos lanzadores muy importantes en el bullpen dominicano, que con su presencia se hace m\u00e1s fuerte\u00bb, dijo el dirigente Audo Vicente sobre su participaci\u00f3n en la Serie del Caribe.<\/p>\n<\/p>\n<p>Inform\u00f3 que para este s\u00e1bado se estar\u00e1 realizado la segunda fase de entrenamiento en el estadio Juli\u00e1n Javier a partir de las diez de la ma\u00f1ana, donde estar\u00e1 el equipo que viajara a Puerto Rico.<\/p>\n<\/p>\n<p>Afirm\u00f3 que este equipo que se ha escogido debe dejar su pellejo en el terreno de juego y defender los colores de nuestra bandera\u00bb.<\/p>\n<h6> 2015-01-31 00:41:46 <\/h6>\n<p><!--\n<link rel=\"stylesheet\" href=\"css\/bootstrap.min.css\">\n\n\n<ul class=\"pagination\">\n\t    \n\t\n\n<li >\n\t<a href='?page_no=15490'>Previous<\/a>\n\t<\/li>\n\n\n       \n    \n\n<li><a href='?page_no=1'>1<\/a><\/li>\n\n\n\n<li><a href='?page_no=2'>2<\/a><\/li>\n\n\n\n<li><a>...<\/a><\/li>\n\n\n\n<li><a href='?page_no=15489'>15489<\/a><\/li>\n\n\n\n<li><a href='?page_no=15490'>15490<\/a><\/li>\n\n\n\n<li class='active'><a>15491<\/a><\/li>\n\n\n\n<li><a href='?page_no=15492'>15492<\/a><\/li>\n\n\n\n<li><a href='?page_no=15493'>15493<\/a><\/li>\n\n\n\n<li><a>...<\/a><\/li>\n\n\n\n<li><a href='?page_no=36618'>36618<\/a><\/li>\n\n\n\n<li><a href='?page_no=36619'>36619<\/a><\/li>\n\n    \n\t\n\n<li >\n\t<a href='?page_no=15492'>Next<\/a>\n\t<\/li>\n\n\n    \n\n<li><a href='?page_no=36619'>Last &rsaquo;&rsaquo;<\/a><\/li>\n\n<\/ul>\n\n\n--><br \/>\n<\/body><\/p>\n","protected":false},"excerpt":{"rendered":"<p>Santo Domingo RD 31 enero, -Los lanzadores Juan P\u00e9rez y Sandy Rosario completan la n\u00f3mina de 28 jugadores del equipo Dominicano que participar\u00e1 en la Serie del Caribe que inicia el lunes en San Juan, Puerto Rico. P\u00e9rez y Rosario resolvieron algunos asuntos personales que ten\u00edan pendiente, raz\u00f3n por la que estar\u00e1n en el equipo [&hellip;]<\/p>\n","protected":false},"author":3,"featured_media":0,"comment_status":"open","ping_status":"open","sticky":false,"template":"","format":"standard","meta":{"footnotes":""},"categories":[17],"tags":[],"class_list":["post-198938","post","type-post","status-publish","format-standard","hentry","category-deportes"],"_links":{"self":[{"href":"https:\/\/diariodominicano.com\/index.php?rest_route=\/wp\/v2\/posts\/198938","targetHints":{"allow":["GET"]}}],"collection":[{"href":"https:\/\/diariodominicano.com\/index.php?rest_route=\/wp\/v2\/posts"}],"about":[{"href":"https:\/\/diariodominicano.com\/index.php?rest_route=\/wp\/v2\/types\/post"}],"author":[{"embeddable":true,"href":"https:\/\/diariodominicano.com\/index.php?rest_route=\/wp\/v2\/users\/3"}],"replies":[{"embeddable":true,"href":"https:\/\/diariodominicano.com\/index.php?rest_route=%2Fwp%2Fv2%2Fcomments&post=198938"}],"version-history":[{"count":0,"href":"https:\/\/diariodominicano.com\/index.php?rest_route=\/wp\/v2\/posts\/198938\/revisions"}],"wp:attachment":[{"href":"https:\/\/diariodominicano.com\/index.php?rest_route=%2Fwp%2Fv2%2Fmedia&parent=198938"}],"wp:term":[{"taxonomy":"category","embeddable":true,"href":"https:\/\/diariodominicano.com\/index.php?rest_route=%2Fwp%2Fv2%2Fcategories&post=198938"},{"taxonomy":"post_tag","embeddable":true,"href":"https:\/\/diariodominicano.com\/index.php?rest_route=%2Fwp%2Fv2%2Ftags&post=198938"}],"curies":[{"name":"wp","href":"https:\/\/api.w.org\/{rel}","templated":true}]}}