{"id":198937,"date":"2015-01-31T08:41:41","date_gmt":"2015-01-31T08:41:41","guid":{"rendered":"http:\/\/diariodominicano.ddns.net\/?p=198937"},"modified":"2015-01-31T08:41:41","modified_gmt":"2015-01-31T08:41:41","slug":"presidente-danilo-medina-recibe-en-palacio-al-equipo-dominicano-y-le-entrega-bandera-nacional","status":"publish","type":"post","link":"https:\/\/diariodominicano.com\/?p=198937","title":{"rendered":"Presidente Danilo Medina recibe en Palacio al equipo dominicano y le entrega \u00abBandera Nacional\u00bb"},"content":{"rendered":"<p><body><\/p>\n<p><img decoding=\"async\" src=\"img3\/BANDERA 31.jpeg\" \/>  <\/p>\n<p>DISTINCI\u00d3N<\/p>\n<p>\u00abEl pa\u00eds es Gigante\u00bb dice el presidente Danilo Medina<\/p>\n<p>EL PRESIDENTE MEDINA RECIBE EN PALACIO AL EQUIPO Y LE ENTREGA LA BANDERA NACIONAL<\/p>\n<\/p>\n<\/p>\n<p>Santo Domingo<\/p>\n<p>El presidente Danilo Medina recibi\u00f3 ayer al  mediod\u00eda al equipo Gigantes del Cibao y le dese\u00f3 suerte en el pr\u00f3ximo compromiso que tendr\u00e1n en la Serie del Caribe, que comenzar\u00e1 el pr\u00f3ximo lunes en el estadio Hir\u00e1n Bithorn, de San Juan, Puerto Rico.<\/p>\n<\/p>\n<p>\u00abEstamos optimistas de que conseguir\u00e1n nuevos \u00e9xitos en la Serie del Caribe\u00bb, le expres\u00f3 el primer mandatario al dirigente del equipo, Audo Vicente, al momento de entregarle la bandera nacional que representar\u00e1n en el cl\u00e1sico caribe\u00f1o.<\/p>\n<\/p>\n<p>Durante el acto, Medina felicit\u00f3 al joven estratega, a Samir y H\u00e9ctor Jos\u00e9 Rizek, presidente y vice de los Gigantes del Cibao, as\u00ed como al gerente y a los jugadores por haber posibilitado que el equipo francomacorisano alcanzara su primer t\u00edtulo de campe\u00f3n en el torneo oto\u00f1o invernal de Rep\u00fablica Dominicana.<\/p>\n<\/p>\n<p>\u00abNuestro compromiso es poner en alto lo que nosotros somos, que es una potencia en el b\u00e9isbol\u00bb, manifest\u00f3 Vicente.<\/p>\n<\/p>\n<p>Luego el Jefe de Estado recibi\u00f3 la camiseta del conjunto con el n\u00famero 1 en la espalda y el apellido Medina. Tambi\u00e9n recibi\u00f3 la gorra oficial que usar\u00e1 el conjunto y al notar que le quedaba grande brome\u00f3 diciendo que lo que suced\u00eda es que  \u00abahora la Rep\u00fablica Dominicana es Gigante\u00bb.<\/p>\n<\/p>\n<p>El Presidente salud\u00f3 uno por uno a los peloteros originales del club y tambi\u00e9n a los que ir\u00e1n como refuerzos a la justa que tambi\u00e9n reunir\u00e1 a los monarcas de Venezuela (Caribes de Anzo\u00e1tegui), Tomateros de Culiac\u00e1n (M\u00e9xico), Pinar del R\u00edo (Cuba) y a los anfritiones Cangrejeros de Santurce  (Puerto Rico).<\/p>\n<\/p>\n<p>A Medina le acompa\u00f1aron los ministros de Deportes, Jaime David Fern\u00e1ndez Mirabal; Administrativo de la Presidencia, Jos\u00e9 Ram\u00f3n Peralta; de Industria y Comercio, Jos\u00e9 del Castillo Savi\u00f1\u00f3n y el Comisionado Nacional de B\u00e9isbol, Ricky Noboa. <\/p>\n<\/p>\n<p>Asimismo, estuvieron el presidente, vicepresidente y director de la Liga de B\u00e9isbol Dominicano, Leonardo Matos Berrido, Winston Llenas y Jorge Torres, entre otros. <\/p>\n<\/p>\n<p>Los Gigantes del Cibao se convertir\u00e1n en el segundo equipo de expansi\u00f3n que representar\u00e1 el pa\u00eds en ese tipo de evento. El primero fue los Toros del Este que lo hizo por primera vez en el 1995.<\/p>\n<\/p>\n<p>Ellos lograron su visa a la Serie del Caribe luego de vencer en cinco de ocho partidos de la final a las Estrellas Orientales.<\/p>\n<\/p>\n<h6> 2015-01-31 08:41:41 <\/h6>\n<p><!--\n<link rel=\"stylesheet\" href=\"css\/bootstrap.min.css\">\n\n\n<ul class=\"pagination\">\n\t    \n\t\n\n<li >\n\t<a href='?page_no=15489'>Previous<\/a>\n\t<\/li>\n\n\n       \n    \n\n<li><a href='?page_no=1'>1<\/a><\/li>\n\n\n\n<li><a href='?page_no=2'>2<\/a><\/li>\n\n\n\n<li><a>...<\/a><\/li>\n\n\n\n<li><a href='?page_no=15488'>15488<\/a><\/li>\n\n\n\n<li><a href='?page_no=15489'>15489<\/a><\/li>\n\n\n\n<li class='active'><a>15490<\/a><\/li>\n\n\n\n<li><a href='?page_no=15491'>15491<\/a><\/li>\n\n\n\n<li><a href='?page_no=15492'>15492<\/a><\/li>\n\n\n\n<li><a>...<\/a><\/li>\n\n\n\n<li><a href='?page_no=36618'>36618<\/a><\/li>\n\n\n\n<li><a href='?page_no=36619'>36619<\/a><\/li>\n\n    \n\t\n\n<li >\n\t<a href='?page_no=15491'>Next<\/a>\n\t<\/li>\n\n\n    \n\n<li><a href='?page_no=36619'>Last &rsaquo;&rsaquo;<\/a><\/li>\n\n<\/ul>\n\n\n--><br \/>\n<\/body><\/p>\n","protected":false},"excerpt":{"rendered":"<p>DISTINCI\u00d3N \u00abEl pa\u00eds es Gigante\u00bb dice el presidente Danilo Medina EL PRESIDENTE MEDINA RECIBE EN PALACIO AL EQUIPO Y LE ENTREGA LA BANDERA NACIONAL Santo Domingo El presidente Danilo Medina recibi\u00f3 ayer al mediod\u00eda al equipo Gigantes del Cibao y le dese\u00f3 suerte en el pr\u00f3ximo compromiso que tendr\u00e1n en la Serie del Caribe, que [&hellip;]<\/p>\n","protected":false},"author":3,"featured_media":0,"comment_status":"open","ping_status":"open","sticky":false,"template":"","format":"standard","meta":{"footnotes":""},"categories":[17],"tags":[],"class_list":["post-198937","post","type-post","status-publish","format-standard","hentry","category-deportes"],"_links":{"self":[{"href":"https:\/\/diariodominicano.com\/index.php?rest_route=\/wp\/v2\/posts\/198937","targetHints":{"allow":["GET"]}}],"collection":[{"href":"https:\/\/diariodominicano.com\/index.php?rest_route=\/wp\/v2\/posts"}],"about":[{"href":"https:\/\/diariodominicano.com\/index.php?rest_route=\/wp\/v2\/types\/post"}],"author":[{"embeddable":true,"href":"https:\/\/diariodominicano.com\/index.php?rest_route=\/wp\/v2\/users\/3"}],"replies":[{"embeddable":true,"href":"https:\/\/diariodominicano.com\/index.php?rest_route=%2Fwp%2Fv2%2Fcomments&post=198937"}],"version-history":[{"count":0,"href":"https:\/\/diariodominicano.com\/index.php?rest_route=\/wp\/v2\/posts\/198937\/revisions"}],"wp:attachment":[{"href":"https:\/\/diariodominicano.com\/index.php?rest_route=%2Fwp%2Fv2%2Fmedia&parent=198937"}],"wp:term":[{"taxonomy":"category","embeddable":true,"href":"https:\/\/diariodominicano.com\/index.php?rest_route=%2Fwp%2Fv2%2Fcategories&post=198937"},{"taxonomy":"post_tag","embeddable":true,"href":"https:\/\/diariodominicano.com\/index.php?rest_route=%2Fwp%2Fv2%2Ftags&post=198937"}],"curies":[{"name":"wp","href":"https:\/\/api.w.org\/{rel}","templated":true}]}}