{"id":198935,"date":"2015-01-31T08:45:41","date_gmt":"2015-01-31T08:45:41","guid":{"rendered":"http:\/\/diariodominicano.ddns.net\/?p=198935"},"modified":"2015-01-31T08:45:41","modified_gmt":"2015-01-31T08:45:41","slug":"anuncian-la-gala-de-exaltacion-del-beisbol-latino-clase-2015","status":"publish","type":"post","link":"https:\/\/diariodominicano.com\/?p=198935","title":{"rendered":"Anuncian la gala de exaltaci\u00f3n del B\u00e9isbol Latino clase 2015&#13;&#13;"},"content":{"rendered":"<p><body><\/p>\n<p><img decoding=\"async\" src=\"img3\/gala 3.jpeg\" \/>  <\/p>\n<p>Santo Domingo RD 31 enero.- Los miembros del Comit\u00e9 Internacional de Exaltaci\u00f3n del Sal\u00f3n de la Fama del B\u00e9isbol Latino dieron a conocer las actividades que se llevar\u00e1n a cabo con motivo del sexto Ceremonial, Clase 2015, que culminar\u00e1 con la ceremonia de exaltaci\u00f3n en el vetusto Anfiteatro de Altos de Chav\u00f3n, el s\u00e1bado 7 de febrero.<\/p>\n<\/p>\n<p>El se\u00f1or Roberto Weill, presidente del Comit\u00e9 Permanente del Sal\u00f3n de la Fama del B\u00e9isbol Latino, anunci\u00f3 con los festejos con motivo del ceremonial se estar\u00e1n celebrando los d\u00edas 6 y 7 de febrero pr\u00f3ximo.<\/p>\n<\/p>\n<p>Ponder\u00f3 la importancia del evento y la calidad de las personalidades que estar\u00e1n presente para la ocasi\u00f3n. Aprovech\u00f3 para anunciar que se har\u00e1n reconocimiento a peloteros que tuvieron una destacada participaci\u00f3n en la pasada campa\u00f1a de Grandes Ligas. Anunci\u00f3 que esta edici\u00f3n ser\u00e1 dedicada a Panam\u00e1.<\/p>\n<\/p>\n<p>\u00abDesde el jueves 5 al s\u00e1bado 7 de febrero tendremos un fin de semana cargado de una serie de actividades junto a luminarias del B\u00e9isbol Latino que nos han llenado de orgullo en las Grandes Ligas. Este a\u00f1o nos visitar\u00e1 de manera exclusiva el se\u00f1or Rod Manfred, nuevo Comisionado de las Grandes Ligas, as\u00ed como tambi\u00e9n Jeff Idelson, presidente del Sal\u00f3n de la Fama de Cooperstown\u00bb, sostuvo. Weill ponder\u00f3 las luminarias que ser\u00e1n exaltadas, tanto en lo relativo a los contempor\u00e1neos como los veteranos.<\/p>\n<\/p>\n<p>\u00abEntre los contempor\u00e1neos podemos citar a Luis Gonz\u00e1lez (Cuba), Nomar Garciaparra (M\u00e9xico), Roberto Kelly (Panam\u00e1), Carlos Delgado (Puerto Rico), Ozzie Guill\u00e9n (Venezuela) y Pedro Mart\u00ednez (Rep\u00fablica Dominicana). Entre los veteranos ser\u00e1n exaltados Alejandro Oms (Cuba), Francisco (Paqu\u00edn) Estrada (M\u00e9xico), Pedro Perucho Cepeda (Puerto Rico), Jos\u00e9 Carrao Bracho (Venezuela) y por Rep\u00fablica Dominicana Luis Saint Claire (Guigu\u00ed)\u00bb, signific\u00f3. Los dem\u00e1s miembros del Comit\u00e9 Internacional de Exaltaci\u00f3n del Sal\u00f3n de la Fama del B\u00e9isbol Latino ofrecieron todos los pormenores del referido ceremonial.<\/p>\n<\/p>\n<p>Luis Sheker Ortiz habl\u00f3 de los requerimientos que son tomados en cuenta para exaltar un determinado jugador en el seno del Comit\u00e9, en tanto que Don Ellis P\u00e9rez enfoc\u00f3 su discurso en el impacto que desde el punto de vista tur\u00edstico reviste el Sal\u00f3n de la Fama Latino.<\/p>\n<\/p>\n<p>Don Cuqui C\u00f3rdova, Mickey Mena y Stanley Javier abordaron varios temas relativos a la trascendencia, tanto nacional como internacional del citado evento.<\/p>\n<\/p>\n<p>Chiqui Haddad, por su parte, habl\u00f3 de las novedades que se implementar\u00e1n este a\u00f1o, las atracciones art\u00edsticas, as\u00ed como tambi\u00e9n detalles que har\u00e1n de este evento el m\u00e1s especial de todos los anteriormente presentados en Altos de Chav\u00f3n.<\/p>\n<\/p>\n<p>Programa <\/p>\n<p>Las actividades inician el viernes, 6 de febrero, a las 5:00 de la tarde, los fans podr\u00e1n saludar mano a mano a sus peloteros, en el Acto de Inmortalizaci\u00f3n de las luminarias del b\u00e9isbol exaltadas en el 2014. Se realizar\u00e1 un desfile desde el parque del Obelisco hasta la Glorieta del Parque Duarte de la ciudad de La Romana, donde se llevar\u00e1 a cabo la ceremonia.<\/p>\n<\/p>\n<p>La ceremonia de Exaltaci\u00f3n ser\u00e1 celebrada el s\u00e1bado, 7 de febrero, en el Anfiteatro de Altos de Chav\u00f3n, a partir de las 8:00 de la noche. Se otorgar\u00e1n premios especiales a peloteros y ejecutivos por sus trayectorias y aportes al b\u00e9isbol latino.<\/p>\n<h6> 2015-01-31 08:45:41 <\/h6>\n<p><!--\n<link rel=\"stylesheet\" href=\"css\/bootstrap.min.css\">\n\n\n<ul class=\"pagination\">\n\t    \n\t\n\n<li >\n\t<a href='?page_no=15488'>Previous<\/a>\n\t<\/li>\n\n\n       \n    \n\n<li><a href='?page_no=1'>1<\/a><\/li>\n\n\n\n<li><a href='?page_no=2'>2<\/a><\/li>\n\n\n\n<li><a>...<\/a><\/li>\n\n\n\n<li><a href='?page_no=15487'>15487<\/a><\/li>\n\n\n\n<li><a href='?page_no=15488'>15488<\/a><\/li>\n\n\n\n<li class='active'><a>15489<\/a><\/li>\n\n\n\n<li><a href='?page_no=15490'>15490<\/a><\/li>\n\n\n\n<li><a href='?page_no=15491'>15491<\/a><\/li>\n\n\n\n<li><a>...<\/a><\/li>\n\n\n\n<li><a href='?page_no=36618'>36618<\/a><\/li>\n\n\n\n<li><a href='?page_no=36619'>36619<\/a><\/li>\n\n    \n\t\n\n<li >\n\t<a href='?page_no=15490'>Next<\/a>\n\t<\/li>\n\n\n    \n\n<li><a href='?page_no=36619'>Last &rsaquo;&rsaquo;<\/a><\/li>\n\n<\/ul>\n\n\n--><br \/>\n<\/body><\/p>\n","protected":false},"excerpt":{"rendered":"<p>Santo Domingo RD 31 enero.- Los miembros del Comit\u00e9 Internacional de Exaltaci\u00f3n del Sal\u00f3n de la Fama del B\u00e9isbol Latino dieron a conocer las actividades que se llevar\u00e1n a cabo con motivo del sexto Ceremonial, Clase 2015, que culminar\u00e1 con la ceremonia de exaltaci\u00f3n en el vetusto Anfiteatro de Altos de Chav\u00f3n, el s\u00e1bado 7 [&hellip;]<\/p>\n","protected":false},"author":3,"featured_media":0,"comment_status":"open","ping_status":"open","sticky":false,"template":"","format":"standard","meta":{"footnotes":""},"categories":[17],"tags":[],"class_list":["post-198935","post","type-post","status-publish","format-standard","hentry","category-deportes"],"_links":{"self":[{"href":"https:\/\/diariodominicano.com\/index.php?rest_route=\/wp\/v2\/posts\/198935","targetHints":{"allow":["GET"]}}],"collection":[{"href":"https:\/\/diariodominicano.com\/index.php?rest_route=\/wp\/v2\/posts"}],"about":[{"href":"https:\/\/diariodominicano.com\/index.php?rest_route=\/wp\/v2\/types\/post"}],"author":[{"embeddable":true,"href":"https:\/\/diariodominicano.com\/index.php?rest_route=\/wp\/v2\/users\/3"}],"replies":[{"embeddable":true,"href":"https:\/\/diariodominicano.com\/index.php?rest_route=%2Fwp%2Fv2%2Fcomments&post=198935"}],"version-history":[{"count":0,"href":"https:\/\/diariodominicano.com\/index.php?rest_route=\/wp\/v2\/posts\/198935\/revisions"}],"wp:attachment":[{"href":"https:\/\/diariodominicano.com\/index.php?rest_route=%2Fwp%2Fv2%2Fmedia&parent=198935"}],"wp:term":[{"taxonomy":"category","embeddable":true,"href":"https:\/\/diariodominicano.com\/index.php?rest_route=%2Fwp%2Fv2%2Fcategories&post=198935"},{"taxonomy":"post_tag","embeddable":true,"href":"https:\/\/diariodominicano.com\/index.php?rest_route=%2Fwp%2Fv2%2Ftags&post=198935"}],"curies":[{"name":"wp","href":"https:\/\/api.w.org\/{rel}","templated":true}]}}