{"id":198934,"date":"2015-01-31T08:58:37","date_gmt":"2015-01-31T08:58:37","guid":{"rendered":"http:\/\/diariodominicano.ddns.net\/?p=198934"},"modified":"2015-01-31T08:58:37","modified_gmt":"2015-01-31T08:58:37","slug":"equipo-de-cuba-puede-dejar-atras-mala-imagen-pinar-del-rio-se-ha-convertido-en-especie-de-seleccion-de-ese-pais","status":"publish","type":"post","link":"https:\/\/diariodominicano.com\/?p=198934","title":{"rendered":"Equipo de Cuba puede dejar atr\u00e1s mala imagen; Pinar del R\u00edo se ha convertido en especie de selecci\u00f3n de ese pa\u00eds"},"content":{"rendered":"<p><body><\/p>\n<p><img decoding=\"async\" src=\"img3\/cuba 31.jpeg\" \/>  <\/p>\n<\/p>\n<p>SERIE DEL CARIBE<\/p>\n<p>Equipo de Cuba puede dejar atr\u00e1s mala imagen; Pinar del R\u00edo se ha convertido en especie de selecci\u00f3n de ese pa\u00eds<\/p>\n<\/p>\n<p>Acci\u00f3n. Yulieski Gourriel, de Cuba, anota una carrera en un partido frente a Nicaragua en los Juegos Centroamericanos y del Caribe.<\/p>\n<\/p>\n<\/p>\n<p>Dami\u00e1n L. Delgado Averhoff <\/p>\n<p>(ESPNDeportes.com)<\/p>\n<p>Mientras apenas faltan pocos d\u00edas para el inicio de la 57 Serie del Caribe (2 al 8 de febrero) en San Juan, Puerto Rico, en Cuba prosigue la encendida pol\u00e9mica en torno al desmembramiento unilateral de los Vegueros de Pinar del R\u00edo para convertirlo en un equipo nacional que pueda competir en igualdad de condiciones contra los clubes campeones de las ligas de M\u00e9xico (Tomateros de Culiac\u00e1n), Rep\u00fablica Dominicana (Gigantes del Cibao), Venezuela (Caribes de Anzo\u00e1tegui) y Puerto Rico (Cangrejeros de Santurce).<\/p>\n<\/p>\n<p>El colega cubano Michel Contreras despu\u00e9s de una visita a la provincia hom\u00f3nima tom\u00f3 el pulso del sentir de sus naturales y public\u00f3 en su columna en el sitio Cubadebate: \u00ab(&#8230;) doy fe de que los pinare\u00f1os est\u00e1n descontentos con la decisi\u00f3n de reforzar hasta los dientes al equipo\u00bb.<\/p>\n<\/p>\n<p>\u00abCuba opt\u00f3 por asistir con el team Cuba a un torneo de clubes -que no de selecciones-, y ahora tiene la exigente, exclusiva misi\u00f3n de ganar o ganar. Si pierde el campeonato, no faltar\u00e1n la burla y el desd\u00e9n. Y lo peor: si triunfa, la victoria no tendr\u00e1 visos de heroicidad\u00bb, remarc\u00f3 el periodista, uno de los m\u00e1s reconocidos especialistas en el tema.<\/p>\n<\/p>\n<p>Por \u00faltimo se hizo las siguientes preguntas \u00ab\u00bfpor qu\u00e9 tanto temor a perder un evento? \u00bfSer\u00e1 que nos queremos enga\u00f1ar y creernos que ganar en Puerto Rico equivaldr\u00eda a mostrar el nivel verdadero de nuestro campeonato nacional? \u00bfSer\u00e1 que Pinar carec\u00eda de posibilidades para contender?\u00bb<\/p>\n<\/p>\n<p>M\u00e1s all\u00e1 de la inconformidad interna por travestir a Pinar en Cuba, la selecci\u00f3n presenta suficientes herramientas para revertir la imagen que dej\u00f3 Villa Clara, que ocup\u00f3 el \u00faltimo lugar con una victoria y tres derrotas, en la pasada serie celebrada en Isla Margarita, Venezuela (2014).<\/p>\n<\/p>\n<p>Posibles titulares<\/p>\n<p>A la distancia los posibles candidatos para ser titulares son los siguientes: C: Yovani Alarc\u00f3n (Las Tunas), 1B: Alexander Malleta (Industriales-vs derechos), William Saavedra (Pinar del R\u00edo-vs zurdos), 2B: Luis Yander La O (Santiago de Cuba), 3B: Yulieski Gourriel (Industriales), SS: Luis A. Vald\u00e9s (Pinar del R\u00edo) o Dainer Moreira (Matanzas), LF: Alfredo Despaigne (Granma), CF: Roel Santos (Granma-Pinar del R\u00edo)*, RF: Yadiel Hern\u00e1ndez (Matanzas) o Alexei Bell (Santiago de Cuba), BD: Frederich Cepeda (Sancti Sp\u00edritus)<\/p>\n<\/p>\n<p>*Roel Santos juega por Granma, pero fue uno de los refuerzos escogidos por Pinar en la segunda vuelta de la pasada campa\u00f1a y ayud\u00f3 a la consecuci\u00f3n del t\u00edtulo nacional.<\/p>\n<\/p>\n<p>En la m\u00e1s ben\u00e9vola de las alineaciones que pudiera elaborar el mentor Alfonso Urquiola apenas jugar\u00edan tres (o cuatro en dependencia del lanzador) pinare\u00f1os. Dicha situaci\u00f3n corrobora, aun m\u00e1s, la tesis de que \u00e9ste es un equipo Cuba barnizado de verde y amarillo (colores predominantes en el uniforme).<\/p>\n<\/p>\n<p>Como positivo queda que la novena parece garant\u00eda de espect\u00e1culo y no debe repetir el rid\u00edculo hecho por Villa Clara. Para lograrlo cuentan en su roster con cuatro hombres con experiencia en las Grandes Ligas de Jap\u00f3n. Yulieski Gourriel (Yokohama DeNA BayStars), Alfredo Despaigne (Mariners Chiba Lotte), Frederich Cepeda (Gigantes de Yomiuri) y H\u00e9ctor Mendoza (Gigantes de Yomiuri-ligas menores).<\/p>\n<h6> 2015-01-31 08:58:37 <\/h6>\n<p><!--\n<link rel=\"stylesheet\" href=\"css\/bootstrap.min.css\">\n\n\n<ul class=\"pagination\">\n\t    \n\t\n\n<li >\n\t<a href='?page_no=15487'>Previous<\/a>\n\t<\/li>\n\n\n       \n    \n\n<li><a href='?page_no=1'>1<\/a><\/li>\n\n\n\n<li><a href='?page_no=2'>2<\/a><\/li>\n\n\n\n<li><a>...<\/a><\/li>\n\n\n\n<li><a href='?page_no=15486'>15486<\/a><\/li>\n\n\n\n<li><a href='?page_no=15487'>15487<\/a><\/li>\n\n\n\n<li class='active'><a>15488<\/a><\/li>\n\n\n\n<li><a href='?page_no=15489'>15489<\/a><\/li>\n\n\n\n<li><a href='?page_no=15490'>15490<\/a><\/li>\n\n\n\n<li><a>...<\/a><\/li>\n\n\n\n<li><a href='?page_no=36618'>36618<\/a><\/li>\n\n\n\n<li><a href='?page_no=36619'>36619<\/a><\/li>\n\n    \n\t\n\n<li >\n\t<a href='?page_no=15489'>Next<\/a>\n\t<\/li>\n\n\n    \n\n<li><a href='?page_no=36619'>Last &rsaquo;&rsaquo;<\/a><\/li>\n\n<\/ul>\n\n\n--><br \/>\n<\/body><\/p>\n","protected":false},"excerpt":{"rendered":"<p>SERIE DEL CARIBE Equipo de Cuba puede dejar atr\u00e1s mala imagen; Pinar del R\u00edo se ha convertido en especie de selecci\u00f3n de ese pa\u00eds Acci\u00f3n. Yulieski Gourriel, de Cuba, anota una carrera en un partido frente a Nicaragua en los Juegos Centroamericanos y del Caribe. Dami\u00e1n L. Delgado Averhoff (ESPNDeportes.com) Mientras apenas faltan pocos d\u00edas [&hellip;]<\/p>\n","protected":false},"author":3,"featured_media":0,"comment_status":"open","ping_status":"open","sticky":false,"template":"","format":"standard","meta":{"footnotes":""},"categories":[17],"tags":[],"class_list":["post-198934","post","type-post","status-publish","format-standard","hentry","category-deportes"],"_links":{"self":[{"href":"https:\/\/diariodominicano.com\/index.php?rest_route=\/wp\/v2\/posts\/198934","targetHints":{"allow":["GET"]}}],"collection":[{"href":"https:\/\/diariodominicano.com\/index.php?rest_route=\/wp\/v2\/posts"}],"about":[{"href":"https:\/\/diariodominicano.com\/index.php?rest_route=\/wp\/v2\/types\/post"}],"author":[{"embeddable":true,"href":"https:\/\/diariodominicano.com\/index.php?rest_route=\/wp\/v2\/users\/3"}],"replies":[{"embeddable":true,"href":"https:\/\/diariodominicano.com\/index.php?rest_route=%2Fwp%2Fv2%2Fcomments&post=198934"}],"version-history":[{"count":0,"href":"https:\/\/diariodominicano.com\/index.php?rest_route=\/wp\/v2\/posts\/198934\/revisions"}],"wp:attachment":[{"href":"https:\/\/diariodominicano.com\/index.php?rest_route=%2Fwp%2Fv2%2Fmedia&parent=198934"}],"wp:term":[{"taxonomy":"category","embeddable":true,"href":"https:\/\/diariodominicano.com\/index.php?rest_route=%2Fwp%2Fv2%2Fcategories&post=198934"},{"taxonomy":"post_tag","embeddable":true,"href":"https:\/\/diariodominicano.com\/index.php?rest_route=%2Fwp%2Fv2%2Ftags&post=198934"}],"curies":[{"name":"wp","href":"https:\/\/api.w.org\/{rel}","templated":true}]}}