{"id":198932,"date":"2015-01-31T09:28:34","date_gmt":"2015-01-31T09:28:34","guid":{"rendered":"http:\/\/diariodominicano.ddns.net\/?p=198932"},"modified":"2015-01-31T09:28:34","modified_gmt":"2015-01-31T09:28:34","slug":"cod-nomina-atletas-que-optaran-por-gran-premio","status":"publish","type":"post","link":"https:\/\/diariodominicano.com\/?p=198932","title":{"rendered":"COD nomina atletas que optar\u00e1n por gran premio&#13;"},"content":{"rendered":"<p><body><\/p>\n<p><img decoding=\"async\" src=\"img3\/cod 31.jpeg\" \/>  <\/p>\n<p>GALA OL\u00cdMPICA<\/p>\n<p>COD nomina atletas que optar\u00e1n por gran premio<\/p>\n<\/p>\n<p>Luis Pie, medallista de oro en karate.<\/p>\n<\/p>\n<\/p>\n<p>Santo Domingo<\/p>\n<p>El Comit\u00e9 Ol\u00edmpico Dominicano (COD) dio a conocer los diez atletas que optar\u00e1n por el gran trofeo Atleta del A\u00f1o que ser\u00e1 entregado en la Gala Ol\u00edmpica 2015 \u00ab10 A\u00f1os de Gloria\u00bb que se llevar\u00e1 a cabo el pr\u00f3ximo lunes, en el The Garden Tent del hotel Embajador en esta capital, a partir de las 7:00 de la noche.<\/p>\n<\/p>\n<p>La lista est\u00e1 encabezada por el tenista V\u00edctor Estrella y adem\u00e1s integrada por Luis Pie, de taekwondo; Audrys Nin Reyes, de gimnasia; Dionicio Gustavo, de karate; Eduardo Lorenzo, de tiro al plato; Juan Ram\u00f3n Solano, de boxeo, Elvis Dalsires Contreras, de voleibol; Benifer Moronta P\u00e9rez, de hockey sobre c\u00e9sped; C\u00e1ndida V\u00e1squez, de levantamiento de pesas; y Elsa Mateo, de esgrima.<\/p>\n<\/p>\n<p>Estrella, designado Atleta del A\u00f1o de tenis por su destacada actuaci\u00f3n en diferentes eventos de primer nivel del tenis durante 2014, es la primea raqueta nacional y ocupa el puesto 65 en el ranking de la ATP. Fue campe\u00f3n en sencillo del torneo de tenis de los Juegos Centroamericanos y del Caribe de Veracruz 2014.<\/p>\n<\/p>\n<p>En tanto que Nin Reyes que ser\u00e1 premiado como Atleta del A\u00f1o de gimnasia, durante el pasado a\u00f1o gan\u00f3 medalla de plata en la Copa del Mundo efectuada en la ciudad portuguesa de Anadia y posteriormente finaliz\u00f3 en el segundo puesto en el Mundial de Gimnasia celebrado en Medell\u00edn, Colombia. Tambi\u00e9n gan\u00f3 medalla de plata y bronce en los Juegos Centroamericanos y del Caribe de Veracruz 2014.<\/p>\n<\/p>\n<p>El p\u00fagil Solano, que recibir\u00e1 el premio Atleta del A\u00f1o en boxeo, y que ha sido nominado al gran premio Atleta del A\u00f1o conquist\u00f3 presea dorada en los Juegos de Veracruz, obtuvo distinci\u00f3n de plata en los Juegos Ol\u00edmpicos de la Juventud efectuados en Nanjing, China y medalla de bronce en el Campeonato Mundial Juvenil.<\/p>\n<\/p>\n<p>La esgrimista Mateo fue la ganadora del primer lugar del campeonato abierto de M\u00e9xico y ganadora de sendas medallas de plata y bronce en los Juegos Centroamericanos y del Caribe de Veracruz.<\/p>\n<\/p>\n<p>Luis Pie quien ser\u00e1 premiado como Atleta del A\u00f1o de taekwondo, tambi\u00e9n ha sido nominado al gran premio Atleta del A\u00f1o que otorga la Gala Ol\u00edmpica. Pie fue el ganador del Campeonato Panamericano celebrado en M\u00e9xico y posteriormente tambi\u00e9n se llev\u00f3 la medalla de oro de los Juegos Centroamericanos y del Caribe de Veracruz. Tambi\u00e9n fue el campe\u00f3n del Abierto Santo Domingo y gan\u00f3 el torneo clasificatorio de cara a los Juegos de Veracruz, entre otros lauros. <\/p>\n<h6> 2015-01-31 09:28:34 <\/h6>\n<p><!--\n<link rel=\"stylesheet\" href=\"css\/bootstrap.min.css\">\n\n\n<ul class=\"pagination\">\n\t    \n\t\n\n<li >\n\t<a href='?page_no=15485'>Previous<\/a>\n\t<\/li>\n\n\n       \n    \n\n<li><a href='?page_no=1'>1<\/a><\/li>\n\n\n\n<li><a href='?page_no=2'>2<\/a><\/li>\n\n\n\n<li><a>...<\/a><\/li>\n\n\n\n<li><a href='?page_no=15484'>15484<\/a><\/li>\n\n\n\n<li><a href='?page_no=15485'>15485<\/a><\/li>\n\n\n\n<li class='active'><a>15486<\/a><\/li>\n\n\n\n<li><a href='?page_no=15487'>15487<\/a><\/li>\n\n\n\n<li><a href='?page_no=15488'>15488<\/a><\/li>\n\n\n\n<li><a>...<\/a><\/li>\n\n\n\n<li><a href='?page_no=36618'>36618<\/a><\/li>\n\n\n\n<li><a href='?page_no=36619'>36619<\/a><\/li>\n\n    \n\t\n\n<li >\n\t<a href='?page_no=15487'>Next<\/a>\n\t<\/li>\n\n\n    \n\n<li><a href='?page_no=36619'>Last &rsaquo;&rsaquo;<\/a><\/li>\n\n<\/ul>\n\n\n--><br \/>\n<\/body><\/p>\n","protected":false},"excerpt":{"rendered":"<p>GALA OL\u00cdMPICA COD nomina atletas que optar\u00e1n por gran premio Luis Pie, medallista de oro en karate. Santo Domingo El Comit\u00e9 Ol\u00edmpico Dominicano (COD) dio a conocer los diez atletas que optar\u00e1n por el gran trofeo Atleta del A\u00f1o que ser\u00e1 entregado en la Gala Ol\u00edmpica 2015 \u00ab10 A\u00f1os de Gloria\u00bb que se llevar\u00e1 a [&hellip;]<\/p>\n","protected":false},"author":3,"featured_media":0,"comment_status":"open","ping_status":"open","sticky":false,"template":"","format":"standard","meta":{"footnotes":""},"categories":[17],"tags":[],"class_list":["post-198932","post","type-post","status-publish","format-standard","hentry","category-deportes"],"_links":{"self":[{"href":"https:\/\/diariodominicano.com\/index.php?rest_route=\/wp\/v2\/posts\/198932","targetHints":{"allow":["GET"]}}],"collection":[{"href":"https:\/\/diariodominicano.com\/index.php?rest_route=\/wp\/v2\/posts"}],"about":[{"href":"https:\/\/diariodominicano.com\/index.php?rest_route=\/wp\/v2\/types\/post"}],"author":[{"embeddable":true,"href":"https:\/\/diariodominicano.com\/index.php?rest_route=\/wp\/v2\/users\/3"}],"replies":[{"embeddable":true,"href":"https:\/\/diariodominicano.com\/index.php?rest_route=%2Fwp%2Fv2%2Fcomments&post=198932"}],"version-history":[{"count":0,"href":"https:\/\/diariodominicano.com\/index.php?rest_route=\/wp\/v2\/posts\/198932\/revisions"}],"wp:attachment":[{"href":"https:\/\/diariodominicano.com\/index.php?rest_route=%2Fwp%2Fv2%2Fmedia&parent=198932"}],"wp:term":[{"taxonomy":"category","embeddable":true,"href":"https:\/\/diariodominicano.com\/index.php?rest_route=%2Fwp%2Fv2%2Fcategories&post=198932"},{"taxonomy":"post_tag","embeddable":true,"href":"https:\/\/diariodominicano.com\/index.php?rest_route=%2Fwp%2Fv2%2Ftags&post=198932"}],"curies":[{"name":"wp","href":"https:\/\/api.w.org\/{rel}","templated":true}]}}