{"id":198928,"date":"2015-02-01T00:01:11","date_gmt":"2015-02-01T00:01:11","guid":{"rendered":"http:\/\/diariodominicano.ddns.net\/?p=198928"},"modified":"2015-02-01T00:01:11","modified_gmt":"2015-02-01T00:01:11","slug":"gigantes-del-cibao-con-el-reto-de-buscar-devolver-rd-hegemonia-serie-del-caribe","status":"publish","type":"post","link":"https:\/\/diariodominicano.com\/?p=198928","title":{"rendered":"Gigantes del Cibao con el reto de buscar devolver RD hegemon\u00eda Serie del Caribe&#13;"},"content":{"rendered":"<p><body><\/p>\n<p><img decoding=\"async\" src=\"img3\/listo 1.jpg\" \/><br \/><img decoding=\"async\" src=\"img3\/ganan 2.jpg\" \/><br \/><img decoding=\"async\" src=\"img3\/gi 2.jpg\" \/>  <\/p>\n<p>Santo Domingo RD 1 febrero.-  Los Gigantes del Cibao disputar\u00e1n por primera vez la Serie del Caribe, y buscar\u00e1n devolver a Rep\u00fablica Dominicana la hegemon\u00eda sobre el torneo que M\u00e9xico le arrebat\u00f3 en a\u00f1os recientes.<\/p>\n<\/p>\n<p>El equipo de San Francisco de Macor\u00eds conquist\u00f3 su primera corona del b\u00e9isbol dominicano, con lo que se gan\u00f3 el derecho de representar a su pa\u00eds en el campeonato regional. Rep\u00fablica Dominicana busca su 20ma corona del certamen, en el que participa desde 1970.<\/p>\n<\/p>\n<p>M\u00e9xico, en cambio, ha ganado tres de las cuatro \u00faltimas ediciones del cl\u00e1sico caribe\u00f1o.<\/p>\n<\/p>\n<p>El dirigente dominicano Audo Vicente comanda la tropa de los Gigantes, un equipo que se bas\u00f3 en el poder para ganar el campeonato quisqueyano, pero ahora pretende utilizar otras herramientas debido a las ausencias de figuras como Carlos Peguero, Mois\u00e9s Sierra y Hanser Alberto.<\/p>\n<\/p>\n<p>\u00abVamos a utilizar la velocidad y el juego r\u00e1pido, algo que tambi\u00e9n podemos hacer para ganar partidos\u00bb, dijo Vicente, quien gan\u00f3 su segunda corona como dirigente en la Rep\u00fablica Dominicana. Anteriormente se coron\u00f3 con los Leones del Escogido y asisti\u00f3 a la Serie del Caribe en 2013.<\/p>\n<\/p>\n<p>Para ese juego r\u00e1pido, los Gigantes cuentan con nombres como los de Alexi Casilla y Leury Garc\u00eda, as\u00ed como tambi\u00e9n los infielders Jonathan Villar y Luis Jim\u00e9nez.<\/p>\n<\/p>\n<p>En sentido general, ser\u00e1 un roster muy diferente al que sali\u00f3 campe\u00f3n del torneo invernal e incluir\u00e1 14 jugadores refuerzos de otros equipos.<\/p>\n<\/p>\n<p>Pese a ello, el optimismo por regresar con la corona es alto en la escuadra dominicana.<\/p>\n<\/p>\n<p>\u00abTenemos un equipo balanceado y con muchos peloteros de calidad. Hay algunas ausencias del equipo que gan\u00f3, incluyendo el torpedero Jean Segura, pero eso es parte de lo que sucede a veces\u00bb, dijo el vicepresidente de la Liga Dominicana de B\u00e9isbol, Winston Llenas, quien funge como apoyo para la conformaci\u00f3n del equipo.<\/p>\n<\/p>\n<p>En el pitcheo, mientras tanto, los dominicanos contar\u00e1n con el zurdo Rafael P\u00e9rez, quien est\u00e1 programado a hacer la primera apertura el martes contra Cuba.<\/p>\n<\/p>\n<p>\u00abMe siento orgulloso de poder representar a mi pa\u00eds y de que se me d\u00e9 el honor de hacer la primera apertura de la Serie del Caribe. Espero poder traer un triunfo\u00bb, dijo P\u00e9rez durante las pr\u00e1cticas de la novena el s\u00e1bado.<\/p>\n<\/p>\n<p>Adem\u00e1s de P\u00e9rez aparecen en la rotaci\u00f3n abridora los estadounidenses Parker Frazier y Elih Villanueva, as\u00ed como los dominicanos Edward Valdez y Carlos Pimentel.<\/p>\n<\/p>\n<p>El cerrador est\u00e1 programado a ser Ram\u00f3n Ram\u00edrez, mientras que como preparador de mesa aparecer\u00e1 Wirfin Obispo.<\/p>\n<\/p>\n<h6> 2015-02-01 00:01:11 <\/h6>\n<p><!--\n<link rel=\"stylesheet\" href=\"css\/bootstrap.min.css\">\n\n\n<ul class=\"pagination\">\n\t    \n\t\n\n<li >\n\t<a href='?page_no=15481'>Previous<\/a>\n\t<\/li>\n\n\n       \n    \n\n<li><a href='?page_no=1'>1<\/a><\/li>\n\n\n\n<li><a href='?page_no=2'>2<\/a><\/li>\n\n\n\n<li><a>...<\/a><\/li>\n\n\n\n<li><a href='?page_no=15480'>15480<\/a><\/li>\n\n\n\n<li><a href='?page_no=15481'>15481<\/a><\/li>\n\n\n\n<li class='active'><a>15482<\/a><\/li>\n\n\n\n<li><a href='?page_no=15483'>15483<\/a><\/li>\n\n\n\n<li><a href='?page_no=15484'>15484<\/a><\/li>\n\n\n\n<li><a>...<\/a><\/li>\n\n\n\n<li><a href='?page_no=36618'>36618<\/a><\/li>\n\n\n\n<li><a href='?page_no=36619'>36619<\/a><\/li>\n\n    \n\t\n\n<li >\n\t<a href='?page_no=15483'>Next<\/a>\n\t<\/li>\n\n\n    \n\n<li><a href='?page_no=36619'>Last &rsaquo;&rsaquo;<\/a><\/li>\n\n<\/ul>\n\n\n--><br \/>\n<\/body><\/p>\n","protected":false},"excerpt":{"rendered":"<p>Santo Domingo RD 1 febrero.- Los Gigantes del Cibao disputar\u00e1n por primera vez la Serie del Caribe, y buscar\u00e1n devolver a Rep\u00fablica Dominicana la hegemon\u00eda sobre el torneo que M\u00e9xico le arrebat\u00f3 en a\u00f1os recientes. El equipo de San Francisco de Macor\u00eds conquist\u00f3 su primera corona del b\u00e9isbol dominicano, con lo que se gan\u00f3 el [&hellip;]<\/p>\n","protected":false},"author":3,"featured_media":0,"comment_status":"open","ping_status":"open","sticky":false,"template":"","format":"standard","meta":{"footnotes":""},"categories":[17],"tags":[],"class_list":["post-198928","post","type-post","status-publish","format-standard","hentry","category-deportes"],"_links":{"self":[{"href":"https:\/\/diariodominicano.com\/index.php?rest_route=\/wp\/v2\/posts\/198928","targetHints":{"allow":["GET"]}}],"collection":[{"href":"https:\/\/diariodominicano.com\/index.php?rest_route=\/wp\/v2\/posts"}],"about":[{"href":"https:\/\/diariodominicano.com\/index.php?rest_route=\/wp\/v2\/types\/post"}],"author":[{"embeddable":true,"href":"https:\/\/diariodominicano.com\/index.php?rest_route=\/wp\/v2\/users\/3"}],"replies":[{"embeddable":true,"href":"https:\/\/diariodominicano.com\/index.php?rest_route=%2Fwp%2Fv2%2Fcomments&post=198928"}],"version-history":[{"count":0,"href":"https:\/\/diariodominicano.com\/index.php?rest_route=\/wp\/v2\/posts\/198928\/revisions"}],"wp:attachment":[{"href":"https:\/\/diariodominicano.com\/index.php?rest_route=%2Fwp%2Fv2%2Fmedia&parent=198928"}],"wp:term":[{"taxonomy":"category","embeddable":true,"href":"https:\/\/diariodominicano.com\/index.php?rest_route=%2Fwp%2Fv2%2Fcategories&post=198928"},{"taxonomy":"post_tag","embeddable":true,"href":"https:\/\/diariodominicano.com\/index.php?rest_route=%2Fwp%2Fv2%2Ftags&post=198928"}],"curies":[{"name":"wp","href":"https:\/\/api.w.org\/{rel}","templated":true}]}}