{"id":198924,"date":"2015-02-01T08:57:23","date_gmt":"2015-02-01T08:57:23","guid":{"rendered":"http:\/\/diariodominicano.ddns.net\/?p=198924"},"modified":"2015-02-01T08:57:23","modified_gmt":"2015-02-01T08:57:23","slug":"novena-cubana-ya-se-encuentra-en-puerto-rico","status":"publish","type":"post","link":"https:\/\/diariodominicano.com\/?p=198924","title":{"rendered":"Novena cubana ya se encuentra en Puerto Rico"},"content":{"rendered":"<p><body><\/p>\n<p><img decoding=\"async\" src=\"img3\/cubanos 3.jpeg\" \/>  <\/p>\n<p>San Juan, Puerto Rico 1 de febrero.- La novena cubana que participar\u00e1 en la Serie del Caribe arrib\u00f3 la  tarde de ayer a Puerto Rico.<\/p>\n<\/p>\n<p>Los Vegueros de Pinar del R\u00edo, campeones de la Serie Nacional cubana, llegaron a la Isla v\u00eda Panam\u00e1.<\/p>\n<\/p>\n<p>El equipo lleg\u00f3 de buen \u00e1nimo y listo para la competencia en la que Cuba participar\u00e1 por segundo a\u00f1o al hilo luego de esta fuera por m\u00e1s de cinco d\u00e9cadas.<\/p>\n<\/p>\n<p>Cuba debutar\u00e1 el lunes ante el campe\u00f3n defensor de la Serie del Caribe, M\u00e9xico, en el partido que dar\u00e1 inicio a la edici\u00f3n 2015 de este cl\u00e1sico. Tras el fiasco el a\u00f1o pasado en su regreso a la Serie del Caribe, Cuba encara la edici\u00f3n de 2015 con su monarca Pinar del R\u00edo reforzado por los mejores peloteros de la isla.<\/p>\n<\/p>\n<p>El \u00fanico resultado aceptable para los cubanos es ganar el torneo, que comienza el lunes en San Juan, Puerto Rico.<\/p>\n<\/p>\n<p>\u00abNos enfrentamos a un torneo de gran exigencia, pero tanto los jugadores pinare\u00f1os como los efectivos de otros territorios llamados a fortalecer la escuadra cubana tienen calidad para asumir con \u00e9xito\u00bb, coment\u00f3 Alfonso Urquiola, manager de la novena cubana.<\/p>\n<\/p>\n<p>Urquiola explic\u00f3 a la prensa local que apostar\u00e1 por \u00abexplotar al m\u00e1ximo el factor velocidad, para no depender exclusivamente del bateo de largo alcance\u00bb.<\/p>\n<\/p>\n<p>Norje Luis Ruiz, Freddy Asiel Alvarez, Yosvani Torres y el zurdo Yoanni Yera ser\u00e1n los brazos de la rotaci\u00f3n. Tambi\u00e9n estar\u00e1n los experimentados Jonder Mart\u00ednez y H\u00e9ctor Mendoza, as\u00ed como los pinare\u00f1os Erlis Casanova, Vladimir Guti\u00e9rrez y Liv\u00e1n Moinelo.<\/p>\n<\/p>\n<p>16 refuerzos<\/p>\n<p>Entre los 16 refuerzos destacan los estelares toleteros Yulieski Gourriel, Alfredo Despaigne, Frederich Cepeda y el lanzador H\u00e9ctor Mendoza. Todos jugaron la pasada temporada en la liga profesional de Jap\u00f3n.<\/p>\n<\/p>\n<p>La participaci\u00f3n de Cuba en Puerto Rico necesit\u00f3 el permiso del Departamento del Tesoro de Estados Unidos como lo requiere la ley del embargo que Washington mantiene desde hace m\u00e1s de 50 a\u00f1os.<\/p>\n<\/p>\n<p>El equipo cubano tuvo problemas para obtener las visas de algunos jugadores, pero finalmente todo se resolvi\u00f3 para viajar el s\u00e1bado.<\/p>\n<\/p>\n<p>Diversas cr\u00edticas acompa\u00f1aron el anuncio de los integrantes de Pinar del R\u00edo, que con foja de 33-27 en victorias y derrotas, es quinto en el actual campeonato cubano que encabeza Matanzas (39-21).<\/p>\n<\/p>\n<p>Seg\u00fan el sitio oficial Cubadebate, la isla \u00abopt\u00f3 por asistir con el team Cuba a un torneo de clubes, y ahora tiene la exigente y, exclusiva misi\u00f3n de ganar o ganar\u00bb. Y agreg\u00f3 que \u00absi pierde, no faltar\u00e1n la burla y el desd\u00e9n. Y lo peor: si triunfa, la victoria no tendr\u00e1 visos de heroicidad\u00bb.<\/p>\n<\/p>\n<p>Mientras el diario oficial Granma manifest\u00f3 que \u00abuna transformaci\u00f3n tan grande del plantel, inundado por la inmensa mayor\u00eda de los titulares de la selecci\u00f3n nacional, pone al conjunto en la obligaci\u00f3n de ganar, sin espacios para medias tintas ni justificaciones en caso de no regresar a casa con el trofeo de monarcas\u00bb.<\/p>\n<\/p>\n<h6> 2015-02-01 08:57:23 <\/h6>\n<p><!--\n<link rel=\"stylesheet\" href=\"css\/bootstrap.min.css\">\n\n\n<ul class=\"pagination\">\n\t    \n\t\n\n<li >\n\t<a href='?page_no=15478'>Previous<\/a>\n\t<\/li>\n\n\n       \n    \n\n<li><a href='?page_no=1'>1<\/a><\/li>\n\n\n\n<li><a href='?page_no=2'>2<\/a><\/li>\n\n\n\n<li><a>...<\/a><\/li>\n\n\n\n<li><a href='?page_no=15477'>15477<\/a><\/li>\n\n\n\n<li><a href='?page_no=15478'>15478<\/a><\/li>\n\n\n\n<li class='active'><a>15479<\/a><\/li>\n\n\n\n<li><a href='?page_no=15480'>15480<\/a><\/li>\n\n\n\n<li><a href='?page_no=15481'>15481<\/a><\/li>\n\n\n\n<li><a>...<\/a><\/li>\n\n\n\n<li><a href='?page_no=36618'>36618<\/a><\/li>\n\n\n\n<li><a href='?page_no=36619'>36619<\/a><\/li>\n\n    \n\t\n\n<li >\n\t<a href='?page_no=15480'>Next<\/a>\n\t<\/li>\n\n\n    \n\n<li><a href='?page_no=36619'>Last &rsaquo;&rsaquo;<\/a><\/li>\n\n<\/ul>\n\n\n--><br \/>\n<\/body><\/p>\n","protected":false},"excerpt":{"rendered":"<p>San Juan, Puerto Rico 1 de febrero.- La novena cubana que participar\u00e1 en la Serie del Caribe arrib\u00f3 la tarde de ayer a Puerto Rico. Los Vegueros de Pinar del R\u00edo, campeones de la Serie Nacional cubana, llegaron a la Isla v\u00eda Panam\u00e1. El equipo lleg\u00f3 de buen \u00e1nimo y listo para la competencia en [&hellip;]<\/p>\n","protected":false},"author":3,"featured_media":0,"comment_status":"open","ping_status":"open","sticky":false,"template":"","format":"standard","meta":{"footnotes":""},"categories":[17],"tags":[],"class_list":["post-198924","post","type-post","status-publish","format-standard","hentry","category-deportes"],"_links":{"self":[{"href":"https:\/\/diariodominicano.com\/index.php?rest_route=\/wp\/v2\/posts\/198924","targetHints":{"allow":["GET"]}}],"collection":[{"href":"https:\/\/diariodominicano.com\/index.php?rest_route=\/wp\/v2\/posts"}],"about":[{"href":"https:\/\/diariodominicano.com\/index.php?rest_route=\/wp\/v2\/types\/post"}],"author":[{"embeddable":true,"href":"https:\/\/diariodominicano.com\/index.php?rest_route=\/wp\/v2\/users\/3"}],"replies":[{"embeddable":true,"href":"https:\/\/diariodominicano.com\/index.php?rest_route=%2Fwp%2Fv2%2Fcomments&post=198924"}],"version-history":[{"count":0,"href":"https:\/\/diariodominicano.com\/index.php?rest_route=\/wp\/v2\/posts\/198924\/revisions"}],"wp:attachment":[{"href":"https:\/\/diariodominicano.com\/index.php?rest_route=%2Fwp%2Fv2%2Fmedia&parent=198924"}],"wp:term":[{"taxonomy":"category","embeddable":true,"href":"https:\/\/diariodominicano.com\/index.php?rest_route=%2Fwp%2Fv2%2Fcategories&post=198924"},{"taxonomy":"post_tag","embeddable":true,"href":"https:\/\/diariodominicano.com\/index.php?rest_route=%2Fwp%2Fv2%2Ftags&post=198924"}],"curies":[{"name":"wp","href":"https:\/\/api.w.org\/{rel}","templated":true}]}}