{"id":198922,"date":"2015-02-01T09:09:04","date_gmt":"2015-02-01T09:09:04","guid":{"rendered":"http:\/\/diariodominicano.ddns.net\/?p=198922"},"modified":"2015-02-01T09:09:04","modified_gmt":"2015-02-01T09:09:04","slug":"gigantes-del-cibao-tras-primer-cetro-en-su-debut-en-serie-del-caribe","status":"publish","type":"post","link":"https:\/\/diariodominicano.com\/?p=198922","title":{"rendered":"Gigantes del Cibao tras primer cetro en su debut en Serie del Caribe"},"content":{"rendered":"<p><body><\/p>\n<p><img decoding=\"async\" src=\"img3\/maikel 3.jpeg\" \/><br \/><img decoding=\"async\" src=\"img3\/equipo 2.jpeg\" \/>  <\/p>\n<p>Santo Domingo RD 1 febrero.- Los Gigantes del Cibao solo aguardan por la hora de partida ma\u00f1ana lunes (10:00 a.m.) para viajar a San Juan, Puerto Rico, y tratar de lograr su primer t\u00edtulo en una Serie del Caribe.<\/p>\n<\/p>\n<p>El grupo viajar\u00e1 desde el Aeropuerto Internacional de Las Am\u00e9ricas en un vuelo charter de la l\u00ednea Jet Blue.<\/p>\n<\/p>\n<p>El \u00fanico miembro del colectivo dominicano que todav\u00eda no tiene un pie en el avi\u00f3n es el lanzador Sandy Rosario porque a\u00fan le falta el visado correspondiente, pero ser\u00e1 recibido cuatro horas antes, seis de la ma\u00f1ana, por las autoridades consulares de Estados Unidos a los fines de regularizarle la situaci\u00f3n y pueda hacer el viaje a Borinquen.<\/p>\n<\/p>\n<p>Rosario y Juan P\u00e9rez fueron los \u00faltimos dos jugadores agregados a la plantilla que lidera el talentoso antesalista Maikel Franco.<\/p>\n<\/p>\n<p>All\u00ed es muy posible que la escuadra que dirige Audo Vicente tengan que enfrentar a los serpentineros boricuas Mario Santiago y Giovanny Soto, dos piezas claves en la final que le ganaron 5-3 a las Estrellas.<\/p>\n<\/p>\n<p>Ambos refuerzan ahora a los Cangrejeros de Santurce, quienes en el a\u00f1o 2000 conquistaron aqu\u00ed la \u00faltima corona obtenida por Puerto Rico en el cl\u00e1sico caribe\u00f1o.<\/p>\n<\/p>\n<p>El evento tambi\u00e9n re\u00fane a los equipos campeones de M\u00e9xico (Tomateros de Culiac\u00e1n), Venezuela (Caribes de Anzo\u00e1tegui) y Cuba (Pinar del R\u00edo).<\/p>\n<\/p>\n<p>Comisi\u00f3n Lidom<\/p>\n<p>Este domingo saldr\u00e1 hacia la \u00abIsla del Encanto\u00bb una delegaci\u00f3n de la Liga de B\u00e9isbol Profesional de Rep\u00fablica Dominicana, integrada por su presidente Leonardo Matos Berrido, Winston Llenas (vicepresidente), Jos\u00e9 Rafael \u00c1lvarez Machado (secretario) y Jorge Torres (director).<\/p>\n<\/p>\n<p>Al mediod\u00eda lo har\u00e1 el titular de la Confederaci\u00f3n de B\u00e9isbol del Caribe, Juan Francisco Puello Herrera. El grupo participar\u00e1 este lunes, tambi\u00e9n a las diez de la ma\u00f1ana, en la Segunda Asamblea Anual de esa entidad, una especie de congresillo t\u00e9cnico, que tendr\u00e1 lugar en el Sheraton Convencion Center, hotel sede de la justa.<\/p>\n<\/p>\n<p>La edici\u00f3n n\u00famero 57 de la llamada \u00abPeque\u00f1a Serie Mundial del Caribe\u00bb se realizar\u00e1 desde ma\u00f1ana martes hasta el pr\u00f3ximo d\u00eda ocho.<\/p>\n<\/p>\n<p>Los Gigantes debutar\u00e1n el mi\u00e9rcoles contra el representativo venezolano en un partido que est\u00e1 programado para comenzar a la 1:05 de la tarde en el estadio Hiram Bithorn.<\/p>\n<\/p>\n<p>(+)<\/p>\n<p>R\u00d3STER DE LOS GIGANTES DEL CIBAO<\/p>\n<\/p>\n<p>Lanzadores<\/p>\n<\/p>\n<p>Marlon Arias<\/p>\n<\/p>\n<p>Carlos Pimentel<\/p>\n<\/p>\n<p>Parker Frazier<\/p>\n<\/p>\n<p>Rafael P\u00e9rez<\/p>\n<\/p>\n<p>Elih Villanueva<\/p>\n<\/p>\n<p>Ram\u00f3n Ram\u00edrez<\/p>\n<\/p>\n<p>Willy Paredes<\/p>\n<\/p>\n<p>Josh Lueke<\/p>\n<\/p>\n<p>Robert Carson<\/p>\n<\/p>\n<p>Zach Jackson<\/p>\n<\/p>\n<p>Wirfin Obispo<\/p>\n<\/p>\n<p>TJ Pe\u00f1a<\/p>\n<\/p>\n<p>Edward Valdez<\/p>\n<\/p>\n<p>Juan P\u00e9rez<\/p>\n<\/p>\n<p>Sandy Rosario (?)<\/p>\n<\/p>\n<p>Receptores<\/p>\n<\/p>\n<p>Francisco Pe\u00f1a<\/p>\n<\/p>\n<p>Carlos Paulino<\/p>\n<\/p>\n<p>Robinzon D\u00edaz<\/p>\n<\/p>\n<p>Infielders<\/p>\n<\/p>\n<p>Jonathan Villar<\/p>\n<\/p>\n<p>H\u00e9ctor G\u00f3mez<\/p>\n<\/p>\n<p>Luis Jim\u00e9nez<\/p>\n<\/p>\n<p>Audy Ciriaco<\/p>\n<\/p>\n<p>Maikel Franco<\/p>\n<\/p>\n<p>Alexi Casilla<\/p>\n<\/p>\n<p>Outfielders<\/p>\n<\/p>\n<p>Eli\u00e1n Herrera<\/p>\n<\/p>\n<p>Willy Garc\u00eda<\/p>\n<\/p>\n<p>Yefri P\u00e9rez<\/p>\n<\/p>\n<p>Leury Garc\u00eda.<\/p>\n<\/p>\n<p>Dirigente<\/p>\n<\/p>\n<p>Audo Vicente<\/p>\n<\/p>\n<p>Coachs<\/p>\n<\/p>\n<p>Franklin Bravo<\/p>\n<\/p>\n<p>Bonny Castillo<\/p>\n<\/p>\n<p>Mauricio G\u00f3nzalez<\/p>\n<\/p>\n<p>Abraham N\u00fa\u00f1ez<\/p>\n<\/p>\n<p>Julio Bruno<\/p>\n<\/p>\n<p>Reymond N\u00fa\u00f1ez<\/p>\n<h6> 2015-02-01 09:09:04 <\/h6>\n<p><!--\n<link rel=\"stylesheet\" href=\"css\/bootstrap.min.css\">\n\n\n<ul class=\"pagination\">\n\t    \n\t\n\n<li >\n\t<a href='?page_no=15476'>Previous<\/a>\n\t<\/li>\n\n\n       \n    \n\n<li><a href='?page_no=1'>1<\/a><\/li>\n\n\n\n<li><a href='?page_no=2'>2<\/a><\/li>\n\n\n\n<li><a>...<\/a><\/li>\n\n\n\n<li><a href='?page_no=15475'>15475<\/a><\/li>\n\n\n\n<li><a href='?page_no=15476'>15476<\/a><\/li>\n\n\n\n<li class='active'><a>15477<\/a><\/li>\n\n\n\n<li><a href='?page_no=15478'>15478<\/a><\/li>\n\n\n\n<li><a href='?page_no=15479'>15479<\/a><\/li>\n\n\n\n<li><a>...<\/a><\/li>\n\n\n\n<li><a href='?page_no=36618'>36618<\/a><\/li>\n\n\n\n<li><a href='?page_no=36619'>36619<\/a><\/li>\n\n    \n\t\n\n<li >\n\t<a href='?page_no=15478'>Next<\/a>\n\t<\/li>\n\n\n    \n\n<li><a href='?page_no=36619'>Last &rsaquo;&rsaquo;<\/a><\/li>\n\n<\/ul>\n\n\n--><br \/>\n<\/body><\/p>\n","protected":false},"excerpt":{"rendered":"<p>Santo Domingo RD 1 febrero.- Los Gigantes del Cibao solo aguardan por la hora de partida ma\u00f1ana lunes (10:00 a.m.) para viajar a San Juan, Puerto Rico, y tratar de lograr su primer t\u00edtulo en una Serie del Caribe. El grupo viajar\u00e1 desde el Aeropuerto Internacional de Las Am\u00e9ricas en un vuelo charter de la [&hellip;]<\/p>\n","protected":false},"author":3,"featured_media":0,"comment_status":"open","ping_status":"open","sticky":false,"template":"","format":"standard","meta":{"footnotes":""},"categories":[17],"tags":[],"class_list":["post-198922","post","type-post","status-publish","format-standard","hentry","category-deportes"],"_links":{"self":[{"href":"https:\/\/diariodominicano.com\/index.php?rest_route=\/wp\/v2\/posts\/198922","targetHints":{"allow":["GET"]}}],"collection":[{"href":"https:\/\/diariodominicano.com\/index.php?rest_route=\/wp\/v2\/posts"}],"about":[{"href":"https:\/\/diariodominicano.com\/index.php?rest_route=\/wp\/v2\/types\/post"}],"author":[{"embeddable":true,"href":"https:\/\/diariodominicano.com\/index.php?rest_route=\/wp\/v2\/users\/3"}],"replies":[{"embeddable":true,"href":"https:\/\/diariodominicano.com\/index.php?rest_route=%2Fwp%2Fv2%2Fcomments&post=198922"}],"version-history":[{"count":0,"href":"https:\/\/diariodominicano.com\/index.php?rest_route=\/wp\/v2\/posts\/198922\/revisions"}],"wp:attachment":[{"href":"https:\/\/diariodominicano.com\/index.php?rest_route=%2Fwp%2Fv2%2Fmedia&parent=198922"}],"wp:term":[{"taxonomy":"category","embeddable":true,"href":"https:\/\/diariodominicano.com\/index.php?rest_route=%2Fwp%2Fv2%2Fcategories&post=198922"},{"taxonomy":"post_tag","embeddable":true,"href":"https:\/\/diariodominicano.com\/index.php?rest_route=%2Fwp%2Fv2%2Ftags&post=198922"}],"curies":[{"name":"wp","href":"https:\/\/api.w.org\/{rel}","templated":true}]}}