{"id":192419,"date":"2007-09-12T14:54:39","date_gmt":"2007-09-12T14:54:39","guid":{"rendered":"http:\/\/diariodominicano.ddns.net\/?p=192419"},"modified":"2007-09-12T14:54:39","modified_gmt":"2007-09-12T14:54:39","slug":"francisco-javier-garcia-prd-carece-de-argumentos-para-compararse-con-labor-de-fernandez","status":"publish","type":"post","link":"https:\/\/diariodominicano.com\/?p=192419","title":{"rendered":"Francisco Javier Garc\u00eda:  PRD carece de argumentos para compararse con labor de Fern\u00e1ndez"},"content":{"rendered":"<p><body><\/p>\n<p align=\"justify\" class=\"titulogrande1\">Francisco Javier Garc\u00eda:\u00a0 PRD carece de argumentos para compararse con  labor de Fern\u00e1ndez<\/p>\n<p>&#13;<\/p>\n<p align=\"justify\" class=\"text1noticias\"><strong>Santo Domingo.-<\/strong> El Partido de la Liberaci\u00f3n Dominicana  (PLD) est\u00e1 gozando de igual o mayor simpat\u00eda en el electorado con relaci\u00f3n al  2004, no s\u00f3lo por el carisma de su l\u00edder y presidente, el doctor Leonel  Fern\u00e1ndez, sino adem\u00e1s por todo lo contrario que se refleja en su contendor m\u00e1s  cercano. As\u00ed lo consider\u00f3 Francisco Javier Garc\u00eda, coordinador nacional de la  campa\u00f1a pelede\u00edsta, tras ser entrevistado por Ram\u00f3n N\u00fa\u00f1ez Ram\u00edrez, en  Telesistema.<br \/>&#13;<br \/>\n  <br \/>&#13;<br \/>\n  Manifest\u00f3 que el PRD es un fen\u00f3meno pol\u00edtico extra\u00f1o,  ya que su candidato presidencial, el que consider\u00f3 el peor aspirante de Am\u00e9rica  Latina,\u00a0 lleva m\u00e1s de 2 a\u00f1os en campa\u00f1a,  con un despliegue publicitario millonario, ha recorrido todo el pa\u00eds dos veces,  con una ofensiva agresiva en la prensa diariamente, atacando con mentiras al  gobierno, y aun no ha logrado que su partido aumente su porcentaje  considerablemente, con apenas un incremento de un pobre 1.6% en tres a\u00f1os.<br \/>&#13;<br \/>\n  <br \/>&#13;<br \/>\n  El adem\u00e1s miembro del Comit\u00e9 Pol\u00edtico del partido  oficialista sostuvo que el PRD no quiere establecer comparaciones con el actual  gobierno, pues quedar\u00eda evidenciada la cat\u00e1strofe del PPH, en manos de Hip\u00f3lito  Mej\u00eda, quien hiciera decrecer la econom\u00eda, con una inflaci\u00f3n por encima del  40%.<br \/>&#13;<br \/>\n  <br \/>&#13;<br \/>\n  A\u00f1adi\u00f3 que \u201cMiky el que no resuelve\u201d, en referencia a  Miguel Vargas Maldonado, en cuatro a\u00f1os al frente de Obras P\u00fablicas, gozando de  una de las carteras con mayores recursos del Estado y de los bonos soberanos,  no supo dinamizar la econom\u00eda, ni resolvi\u00f3 los problemas de carreteras y obras  en Puerto Plata, Santiago, La   Vega, Salcedo, Monte Plata o Santo Domingo, para citar  algunas provincias.<br \/>&#13;<br \/>\n  <br \/>&#13;<br \/>\n  Insisti\u00f3 que es imposible establecer paralelos entre  el gobierno de Mej\u00eda y los dos per\u00edodos de Fern\u00e1ndez, ya que las obras del PLD  saltan a la vista: t\u00faneles y puentes, para poner un ejemplo. <br \/>&#13;<br \/>\n  <br \/>&#13;<br \/>\n  Y el \u00fanico  megaproyecto ejecutado por Vargas en Obras P\u00fablicas, el montaje de los Juegos  Panamericanos, se mantiene en un velo dudoso en cuanto al manejo de las  inversiones.<br \/>&#13;<br \/>\n  <br \/>&#13;<br \/>\n  Dijo que el candidato blanco debe desplazarse al  interior del pa\u00eds con gentes de la capital, pues en las provincias persiste un  disgusto ante un ex secretario de Obras P\u00fablicas que no les resolvi\u00f3 nada.<br \/>&#13;<br \/>\n  <br \/>&#13;<br \/>\n  Francisco   Javier Garc\u00eda se  sorprendi\u00f3 de ver que por vez primera un candidato presidencial se averg\u00fcenza  de las siglas de su partido, pues en todos los locales de campa\u00f1a de Vargas,  sus iniciales MVP est\u00e1n m\u00e1s presente y sobresalientes que las del PRD.<br \/>&#13;<br \/>\n  <br \/>&#13;<br \/>\n  Garc\u00eda record\u00f3 que el PLD tom\u00f3 un receso de tres  meses, pasada las elecciones internas de mayo, y aun as\u00ed Vargas Maldonado no  logr\u00f3 acaparar la atenci\u00f3n en esa \u201cgabela\u201d, pero que ya esta bueno y que ahora  el partido morado entra en acci\u00f3n, dinamizando sus estructuras.<br \/>&#13;<br \/>\n  <br \/>&#13;<br \/>\n  Inform\u00f3 que ya los movimientos de apoyo comienzan a  trabajar en todo el pa\u00eds, los frentes sectoriales empiezan a desarrollar sus  trabajos, y que todo eso tiende a elevar la simpat\u00eda hacia el candidato y al  partido.<br \/>&#13;<br \/>\n  <br \/>&#13;<br \/>\n  Anunci\u00f3 la proclamaci\u00f3n del l\u00edder morado, pautada para  el 18 de noviembre, en el Estadio Ol\u00edmpico, el cual considera ser\u00e1 todo un acto  pol\u00edtico, art\u00edstico y espectacular, manejado con m\u00e1s criterio que los dem\u00e1s  partidos, dentro de la disciplina, sin estridencias, igual que lo hiciera su  comando en el Palacio de los Deportes durante las elecciones internas.<\/p>\n<p>&#13;<\/p>\n<h6> 2007-09-12 14:54:39 <\/h6>\n<p><!--\n<link rel=\"stylesheet\" href=\"css\/bootstrap.min.css\">\n\n\n<ul class=\"pagination\">\n\t    \n\t\n\n<li >\n\t<a href='?page_no=35166'>Previous<\/a>\n\t<\/li>\n\n\n       \n    \n\n<li><a href='?page_no=1'>1<\/a><\/li>\n\n\n\n<li><a href='?page_no=2'>2<\/a><\/li>\n\n\n\n<li><a>...<\/a><\/li>\n\n\n\n<li><a href='?page_no=35165'>35165<\/a><\/li>\n\n\n\n<li><a href='?page_no=35166'>35166<\/a><\/li>\n\n\n\n<li class='active'><a>35167<\/a><\/li>\n\n\n\n<li><a href='?page_no=35168'>35168<\/a><\/li>\n\n\n\n<li><a href='?page_no=35169'>35169<\/a><\/li>\n\n\n\n<li><a>...<\/a><\/li>\n\n\n\n<li><a href='?page_no=36999'>36999<\/a><\/li>\n\n\n\n<li><a href='?page_no=37000'>37000<\/a><\/li>\n\n    \n\t\n\n<li >\n\t<a href='?page_no=35168'>Next<\/a>\n\t<\/li>\n\n\n    \n\n<li><a href='?page_no=37000'>Last &rsaquo;&rsaquo;<\/a><\/li>\n\n<\/ul>\n\n\n--><br \/>\n<\/body><\/p>\n","protected":false},"excerpt":{"rendered":"<p>Francisco Javier Garc\u00eda:\u00a0 PRD carece de argumentos para compararse con labor de Fern\u00e1ndez &#13; Santo Domingo.- El Partido de la Liberaci\u00f3n Dominicana (PLD) est\u00e1 gozando de igual o mayor simpat\u00eda en el electorado con relaci\u00f3n al 2004, no s\u00f3lo por el carisma de su l\u00edder y presidente, el doctor Leonel Fern\u00e1ndez, sino adem\u00e1s por todo [&hellip;]<\/p>\n","protected":false},"author":3,"featured_media":0,"comment_status":"open","ping_status":"open","sticky":false,"template":"","format":"standard","meta":{"footnotes":""},"categories":[22],"tags":[],"class_list":["post-192419","post","type-post","status-publish","format-standard","hentry","category-politica"],"_links":{"self":[{"href":"https:\/\/diariodominicano.com\/index.php?rest_route=\/wp\/v2\/posts\/192419","targetHints":{"allow":["GET"]}}],"collection":[{"href":"https:\/\/diariodominicano.com\/index.php?rest_route=\/wp\/v2\/posts"}],"about":[{"href":"https:\/\/diariodominicano.com\/index.php?rest_route=\/wp\/v2\/types\/post"}],"author":[{"embeddable":true,"href":"https:\/\/diariodominicano.com\/index.php?rest_route=\/wp\/v2\/users\/3"}],"replies":[{"embeddable":true,"href":"https:\/\/diariodominicano.com\/index.php?rest_route=%2Fwp%2Fv2%2Fcomments&post=192419"}],"version-history":[{"count":0,"href":"https:\/\/diariodominicano.com\/index.php?rest_route=\/wp\/v2\/posts\/192419\/revisions"}],"wp:attachment":[{"href":"https:\/\/diariodominicano.com\/index.php?rest_route=%2Fwp%2Fv2%2Fmedia&parent=192419"}],"wp:term":[{"taxonomy":"category","embeddable":true,"href":"https:\/\/diariodominicano.com\/index.php?rest_route=%2Fwp%2Fv2%2Fcategories&post=192419"},{"taxonomy":"post_tag","embeddable":true,"href":"https:\/\/diariodominicano.com\/index.php?rest_route=%2Fwp%2Fv2%2Ftags&post=192419"}],"curies":[{"name":"wp","href":"https:\/\/api.w.org\/{rel}","templated":true}]}}