{"id":192394,"date":"2007-09-15T19:28:38","date_gmt":"2007-09-15T19:28:38","guid":{"rendered":"http:\/\/diariodominicano.ddns.net\/?p=192394"},"modified":"2007-09-15T19:28:38","modified_gmt":"2007-09-15T19:28:38","slug":"alcaldias-hermanaran-municipios-de-rd-y-francia","status":"publish","type":"post","link":"https:\/\/diariodominicano.com\/?p=192394","title":{"rendered":"Alcald\u00edas hermanar\u00e1n municipios de RD y Francia"},"content":{"rendered":"<p><body><\/p>\n<p align=\"justify\"><span class=\"titulogrande1\">Alcald\u00edas  hermanar\u00e1n municipios de RD y Francia<\/span><br \/>&#13;<br \/>\n  \u00a0\u00a0 <br \/>&#13;<br \/>\n   <span class=\"text1noticias\"><strong>Santo Domingo.- <\/strong>Una delegaci\u00f3n francesa,  procedente de las ciudades de Vezzani y de Prunelli, Isla C\u00f3rcega, Francia,  vendr\u00e1 al pa\u00eds para establecer v\u00ednculos de Hermanamiento con los municipios de  San Ignacio de Sabaneta, provincia Santiago Rodr\u00edguez y de Miches, en la provincia de El Seibo,  en Rep\u00fablica Dominicana. <br \/>&#13;<br \/>\n\u00a0\u00a0 <br \/>&#13;<br \/>\n La delegaci\u00f3n, integrada por quince personas,  estar\u00e1 encabezada por los se\u00f1ores Jean \u2013Pierre Pagni y Jean-Charles Martinetti,  Alcaldes de las citadas ciudades, y ser\u00e1n recibidas por sus  colegas, C\u00e9sar Saint-Hilaire y C\u00e9sar Augusto Hern\u00e1ndez, S\u00edndicos de San Ignacio  de Sabaneta y de Miches, respectivamente.<br \/>&#13;<br \/>\n\u00a0\u00a0 <br \/>&#13;<br \/>\n El objetivo principal del Hermanamiento es  establecer v\u00ednculos de car\u00e1cter cultural, hist\u00f3rico, social y econ\u00f3mico. \u00a0Margarita Cede\u00f1o de Fern\u00e1ndez, Primera Dama de la Rep\u00fablica, ser\u00e1 la Madrina de los actos que  se realizar\u00e1n.<br \/>&#13;<br \/>\n\u00a0\u00a0 <br \/>&#13;<br \/>\n Los se\u00f1ores mun\u00edcipes estar\u00e1n en el pa\u00eds del  15 al 22 de septiembre en curso. El primer acto de Hermanamiento se llevar\u00e1 a  cabo los d\u00edas 17 y 18, entre los municipios de Vezzani y San  Ignacio de Sabaneta, el cual se inicia con un almuerzo t\u00edpico, en la Comunidad de Las Caobas,  provincia Santiago Rodr\u00edguez y continuar\u00e1 con una serie de eventos que  incluyen discursos, firma de Protocolo, entrega de Llave de la Ciudad, Pergaminos de  Hu\u00e9spedes Distinguidos y otros.<br \/>&#13;<br \/>\n\u00a0\u00a0 <br \/>&#13;<br \/>\n El Hermanamiento entre los municipios de  Prunelli y de Miches se efectuar\u00e1 del 20 al 21 de septiembre. En dicho acto, se  llevar\u00e1n a cabo eventos similares a los de San Ignacio de Sabaneta,  incluyendo adem\u00e1s visita a playas y lugares de atracci\u00f3n tur\u00edstica.\/\/\/<\/span><\/p>\n<p>&#13;<\/p>\n<h6> 2007-09-15 19:28:38 <\/h6>\n<p><!--\n<link rel=\"stylesheet\" href=\"css\/bootstrap.min.css\">\n\n\n<ul class=\"pagination\">\n\t    \n\t\n\n<li >\n\t<a href='?page_no=35141'>Previous<\/a>\n\t<\/li>\n\n\n       \n    \n\n<li><a href='?page_no=1'>1<\/a><\/li>\n\n\n\n<li><a href='?page_no=2'>2<\/a><\/li>\n\n\n\n<li><a>...<\/a><\/li>\n\n\n\n<li><a href='?page_no=35140'>35140<\/a><\/li>\n\n\n\n<li><a href='?page_no=35141'>35141<\/a><\/li>\n\n\n\n<li class='active'><a>35142<\/a><\/li>\n\n\n\n<li><a href='?page_no=35143'>35143<\/a><\/li>\n\n\n\n<li><a href='?page_no=35144'>35144<\/a><\/li>\n\n\n\n<li><a>...<\/a><\/li>\n\n\n\n<li><a href='?page_no=36999'>36999<\/a><\/li>\n\n\n\n<li><a href='?page_no=37000'>37000<\/a><\/li>\n\n    \n\t\n\n<li >\n\t<a href='?page_no=35143'>Next<\/a>\n\t<\/li>\n\n\n    \n\n<li><a href='?page_no=37000'>Last &rsaquo;&rsaquo;<\/a><\/li>\n\n<\/ul>\n\n\n--><br \/>\n<\/body><\/p>\n","protected":false},"excerpt":{"rendered":"<p>Alcald\u00edas hermanar\u00e1n municipios de RD y Francia&#13; \u00a0\u00a0 &#13; Santo Domingo.- Una delegaci\u00f3n francesa, procedente de las ciudades de Vezzani y de Prunelli, Isla C\u00f3rcega, Francia, vendr\u00e1 al pa\u00eds para establecer v\u00ednculos de Hermanamiento con los municipios de San Ignacio de Sabaneta, provincia Santiago Rodr\u00edguez y de Miches, en la provincia de El Seibo, en [&hellip;]<\/p>\n","protected":false},"author":3,"featured_media":0,"comment_status":"open","ping_status":"open","sticky":false,"template":"","format":"standard","meta":{"footnotes":""},"categories":[22],"tags":[],"class_list":["post-192394","post","type-post","status-publish","format-standard","hentry","category-politica"],"_links":{"self":[{"href":"https:\/\/diariodominicano.com\/index.php?rest_route=\/wp\/v2\/posts\/192394","targetHints":{"allow":["GET"]}}],"collection":[{"href":"https:\/\/diariodominicano.com\/index.php?rest_route=\/wp\/v2\/posts"}],"about":[{"href":"https:\/\/diariodominicano.com\/index.php?rest_route=\/wp\/v2\/types\/post"}],"author":[{"embeddable":true,"href":"https:\/\/diariodominicano.com\/index.php?rest_route=\/wp\/v2\/users\/3"}],"replies":[{"embeddable":true,"href":"https:\/\/diariodominicano.com\/index.php?rest_route=%2Fwp%2Fv2%2Fcomments&post=192394"}],"version-history":[{"count":0,"href":"https:\/\/diariodominicano.com\/index.php?rest_route=\/wp\/v2\/posts\/192394\/revisions"}],"wp:attachment":[{"href":"https:\/\/diariodominicano.com\/index.php?rest_route=%2Fwp%2Fv2%2Fmedia&parent=192394"}],"wp:term":[{"taxonomy":"category","embeddable":true,"href":"https:\/\/diariodominicano.com\/index.php?rest_route=%2Fwp%2Fv2%2Fcategories&post=192394"},{"taxonomy":"post_tag","embeddable":true,"href":"https:\/\/diariodominicano.com\/index.php?rest_route=%2Fwp%2Fv2%2Ftags&post=192394"}],"curies":[{"name":"wp","href":"https:\/\/api.w.org\/{rel}","templated":true}]}}