{"id":192197,"date":"2007-10-11T13:55:37","date_gmt":"2007-10-11T13:55:37","guid":{"rendered":"http:\/\/diariodominicano.ddns.net\/?p=192197"},"modified":"2007-10-11T13:55:37","modified_gmt":"2007-10-11T13:55:37","slug":"pld-fijara-posicion-sobre-reglamento-de-campana-electoral-en-vistas-publicas-proxima-semana","status":"publish","type":"post","link":"https:\/\/diariodominicano.com\/?p=192197","title":{"rendered":"PLD fijar\u00e1 posici\u00f3n sobre reglamento de campa\u00f1a electoral, en vistas p\u00fablicas pr\u00f3xima semana"},"content":{"rendered":"<p><body><\/p>\n<p align=\"justify\" class=\"titulogrande1\">PLD fijar\u00e1 posici\u00f3n sobre reglamento de campa\u00f1a  electoral, en vistas p\u00fablicas pr\u00f3xima semana<\/p>\n<p>&#13;<\/p>\n<p align=\"justify\" class=\"text1noticias\"><strong>Santo Domingo.-<\/strong> El Partido de la Liberaci\u00f3n Dominicana  fijara posici\u00f3n oficial sobre \u00a0\u00abel Proyecto de Reglamento de Campa\u00f1a  Electoral, Actos de Propaganda y Uso de Medios de Comunicaci\u00f3n\u00bb \u00a0por  ante \u00a0 la Junta   Central Electoral el pr\u00f3ximo mates 16, fecha a la que se le  convoc\u00f3 para una vista p\u00fablica en el organismo de comicios <\/p>\n<p>&#13;<\/p>\n<p align=\"justify\" class=\"text1noticias\">Cesar Pina  Toribio, delegado del PLD ante la Junta Central y coordinador de la Comisi\u00f3n del Comit\u00e9  Pol\u00edtico designada para analizar la propuesta y fijar posici\u00f3n al respecto,  se\u00f1al\u00f3 que fecha en que se tratar\u00e1 el tema. <\/p>\n<p>&#13;<\/p>\n<p align=\"justify\" class=\"text1noticias\">\u00abLa Comisi\u00f3n ha estado  haciendo el examen del reglamento; para esa fecha estaremos presentando  las distintas consideraciones\u00bb respondi\u00f3 Pina Toribio a los comunicadores. <\/p>\n<p>&#13;<\/p>\n<p align=\"justify\" class=\"text1noticias\"> La Comisi\u00f3n designada por el  Comit\u00e9 Pol\u00edtico del PLD en Julio \u00faltimo la integran Franklin Almeyda,  Coordinador de la   Direcci\u00f3n Electoral del Comit\u00e9 de Campa\u00f1a, Jos\u00e9 Joaqu\u00edn Bid\u00f3  Medina, Reinaldo Pared P\u00e9rez, Secretario General, Danilo D\u00edaz, Secretario de  Asuntos Electorales y el propio Pina Toribio, quien es su coordinador. <\/p>\n<p>&#13;<\/p>\n<p align=\"justify\" class=\"text1noticias\"> A mediados de  septiembre el Plenario de la   Junta Central Electoral aprob\u00f3 el se\u00f1alado reglamento, que ha  analizado la comisi\u00f3n especial del Comit\u00e9 Pol\u00edtico del Partido de la Liberaci\u00f3n Dominicana  para su opini\u00f3n final en la sesi\u00f3n convocada por la Junta Central  Electoral para el pr\u00f3ximo d\u00eda 16. <\/p>\n<p>&#13;<\/p>\n<p align=\"justify\" class=\"text1noticias\"> De manera  individual los integrantes de esta comisi\u00f3n en declaraciones publicas han  advertido que no debe haber contradicci\u00f3n entre el Reglamento a conocerse y la Ley Electoral y la Constituci\u00f3n de la Republica. <\/p>\n<p>&#13;<\/p>\n<p align=\"justify\" class=\"text1noticias\"> Pina Toribio,  seg\u00fan la referencia de \u00a0la   Secretar\u00eda de Comunicaciones del PLD, reiter\u00f3 que el PLD  mediante la comisi\u00f3n designada ha estudiado a fondo el documento con el  proyecto de Reglamento, pero que oficializar\u00e1 su posici\u00f3n en la vista convocada  para la semana pr\u00f3xima <\/p>\n<p>&#13;<\/p>\n<h6> 2007-10-11 13:55:37 <\/h6>\n<p><!--\n<link rel=\"stylesheet\" href=\"css\/bootstrap.min.css\">\n\n\n<ul class=\"pagination\">\n\t    \n\t\n\n<li >\n\t<a href='?page_no=34944'>Previous<\/a>\n\t<\/li>\n\n\n       \n    \n\n<li><a href='?page_no=1'>1<\/a><\/li>\n\n\n\n<li><a href='?page_no=2'>2<\/a><\/li>\n\n\n\n<li><a>...<\/a><\/li>\n\n\n\n<li><a href='?page_no=34943'>34943<\/a><\/li>\n\n\n\n<li><a href='?page_no=34944'>34944<\/a><\/li>\n\n\n\n<li class='active'><a>34945<\/a><\/li>\n\n\n\n<li><a href='?page_no=34946'>34946<\/a><\/li>\n\n\n\n<li><a href='?page_no=34947'>34947<\/a><\/li>\n\n\n\n<li><a>...<\/a><\/li>\n\n\n\n<li><a href='?page_no=36999'>36999<\/a><\/li>\n\n\n\n<li><a href='?page_no=37000'>37000<\/a><\/li>\n\n    \n\t\n\n<li >\n\t<a href='?page_no=34946'>Next<\/a>\n\t<\/li>\n\n\n    \n\n<li><a href='?page_no=37000'>Last &rsaquo;&rsaquo;<\/a><\/li>\n\n<\/ul>\n\n\n--><br \/>\n<\/body><\/p>\n","protected":false},"excerpt":{"rendered":"<p>PLD fijar\u00e1 posici\u00f3n sobre reglamento de campa\u00f1a electoral, en vistas p\u00fablicas pr\u00f3xima semana &#13; Santo Domingo.- El Partido de la Liberaci\u00f3n Dominicana fijara posici\u00f3n oficial sobre \u00a0\u00abel Proyecto de Reglamento de Campa\u00f1a Electoral, Actos de Propaganda y Uso de Medios de Comunicaci\u00f3n\u00bb \u00a0por ante \u00a0 la Junta Central Electoral el pr\u00f3ximo mates 16, fecha a [&hellip;]<\/p>\n","protected":false},"author":3,"featured_media":0,"comment_status":"open","ping_status":"open","sticky":false,"template":"","format":"standard","meta":{"footnotes":""},"categories":[22],"tags":[],"class_list":["post-192197","post","type-post","status-publish","format-standard","hentry","category-politica"],"_links":{"self":[{"href":"https:\/\/diariodominicano.com\/index.php?rest_route=\/wp\/v2\/posts\/192197","targetHints":{"allow":["GET"]}}],"collection":[{"href":"https:\/\/diariodominicano.com\/index.php?rest_route=\/wp\/v2\/posts"}],"about":[{"href":"https:\/\/diariodominicano.com\/index.php?rest_route=\/wp\/v2\/types\/post"}],"author":[{"embeddable":true,"href":"https:\/\/diariodominicano.com\/index.php?rest_route=\/wp\/v2\/users\/3"}],"replies":[{"embeddable":true,"href":"https:\/\/diariodominicano.com\/index.php?rest_route=%2Fwp%2Fv2%2Fcomments&post=192197"}],"version-history":[{"count":0,"href":"https:\/\/diariodominicano.com\/index.php?rest_route=\/wp\/v2\/posts\/192197\/revisions"}],"wp:attachment":[{"href":"https:\/\/diariodominicano.com\/index.php?rest_route=%2Fwp%2Fv2%2Fmedia&parent=192197"}],"wp:term":[{"taxonomy":"category","embeddable":true,"href":"https:\/\/diariodominicano.com\/index.php?rest_route=%2Fwp%2Fv2%2Fcategories&post=192197"},{"taxonomy":"post_tag","embeddable":true,"href":"https:\/\/diariodominicano.com\/index.php?rest_route=%2Fwp%2Fv2%2Ftags&post=192197"}],"curies":[{"name":"wp","href":"https:\/\/api.w.org\/{rel}","templated":true}]}}