{"id":192166,"date":"2007-10-16T12:15:28","date_gmt":"2007-10-16T12:15:28","guid":{"rendered":"http:\/\/diariodominicano.ddns.net\/?p=192166"},"modified":"2007-10-16T12:15:28","modified_gmt":"2007-10-16T12:15:28","slug":"miguel-vargas-dice-cumplira-programa-de-campana","status":"publish","type":"post","link":"https:\/\/diariodominicano.com\/?p=192166","title":{"rendered":"Miguel Vargas dice Cumplir\u00e1 programa de campa\u00f1a"},"content":{"rendered":"<p><body><\/p>\n<p align=\"justify\"><strong class=\"titulogrande1\">Miguel Vargas dice Cumplir\u00e1  programa de campa\u00f1a<\/strong><br \/>&#13;<br \/>\n    <strong>\u00a0<\/strong><br \/>&#13;<br \/>\n    <span class=\"text1noticias\"><strong><img loading=\"lazy\" decoding=\"async\" src=\"http:\/\/localhost:8080\/pictures\/vargas maldonado pic.jpg\" width=\"269\" height=\"330\" hspace=\"4\" align=\"left\" \/>Juan  Dolio.- <\/strong>El candidato presidencial del Partido Revolucionario Dominicano PRD,  Miguel Vargas, afirm\u00f3 aqu\u00ed que su campa\u00f1a presidencial se caracterizar\u00e1 por la  exposici\u00f3n de sus ideas y las propuestas contempladas en su programa de  gobierno, para colocar a la Rep\u00fablica Dominicana en un escenario de  desarrollo econ\u00f3mico, pol\u00edtico y social, que se proyecte positivamente en los  niveles de vida de las grandes mayor\u00edas nacionales.<\/span><\/p>\n<p>&#13;<\/p>\n<p align=\"justify\" class=\"text1noticias\">Dijo  que estimulado por la \u00edntima convicci\u00f3n de que el presente proceso electoral  debe ser un espacio para debatir las ideas y las propuestas concebidas para  darle soluci\u00f3n a los problemas nacionales, ha iniciado un ciclo de alocuciones  por una cadena de radio y televisi\u00f3n, con la finalidad  de informar al pueblo dominicano sobre los perfiles de su propuesta electoral.<br \/>&#13;<br \/>\n  \u00a0<br \/>&#13;<br \/>\n  Vargas  inform\u00f3 que a su reciente comparecencia, para explicar a la poblaci\u00f3n las  medidas que se propone implementar para la creaci\u00f3n de empleos, le seguir\u00e1n  otras con la finalidad de exponer su programa de gobierno en lo relativo al  transporte, costo de la vida, energ\u00eda, medio ambiente, educaci\u00f3n, salud y  alimentaci\u00f3n, entre otros grandes temas de la agenda nacional.<\/p>\n<p>&#13;<\/p>\n<p align=\"justify\" class=\"text1noticias\">Manifest\u00f3  que en su gobierno no habr\u00e1 sorpresas ni improvisaciones, porque el Programa de  Gobierno que se propone ejecutar a partir del 16 de agosto del a\u00f1o venidero,  est\u00e1 siendo elaborado con el consenso de los diferentes sectores que est\u00e1  visitando en el marco de su iniciativa de campana &#8216;Miguel en las Calles&#8217;<\/p>\n<p>&#13;<\/p>\n<p align=\"justify\" class=\"text1noticias\">El  aspirante a la presidencia de la republica indic\u00f3 que las inquietudes y  sugerencias de esos sectores sociales est\u00e1n siendo incorporadas a su programa  de gobierno, no como simples promesas de campa\u00f1a, sino como verdaderos  compromisos que ser\u00e1n fielmente cumplidos durante su administraci\u00f3n.<\/p>\n<p>&#13;<\/p>\n<p align=\"justify\" class=\"text1noticias\">Destac\u00f3 que ganar\u00e1 las elecciones y cumplir\u00e1  los compromisos contra\u00eddos con la poblaci\u00f3n en el marco de la presente campa\u00f1a presidencial  porque no ser\u00e1 de los pol\u00edticos que ofertan un programa durante el proceso  electoral y gobiernan con otro cuando se encuentran en pleno ejercicio del  poder.<\/p>\n<p>&#13;<\/p>\n<p align=\"justify\" class=\"text1noticias\">\u00abLa  victoria en las elecciones presidenciales del pr\u00f3ximo 16 de mayo no le da  derecho al elegido a considerar esa confianza del pueblo como un cheque en  blanco para darle riendas sueltas a su imaginaci\u00f3n y a sus caprichos personales  por encima de las necesidades reales de la poblaci\u00f3n.\u00bb Opin\u00f3 Vargas  Maldonado.<\/p>\n<p>&#13;<\/p>\n<p align=\"justify\" class=\"text1noticias\">Se\u00f1al\u00f3  que durante su gobierno terminar\u00e1 con esa mala pr\u00e1ctica, por lo que est\u00e1  impulsando un programa de gobierno realista, bien ponderado y concebido a  partir de la realidad nacional.<\/p>\n<p>&#13;<\/p>\n<p align=\"justify\" class=\"text1noticias\">El  candidato presidencial perredeista hizo estos planteamientos durante una cena  auspiciada por el Movimiento Empresarial de San Pedro de Macor\u00eds que dirige  Jos\u00e9 Augusto Echavarr\u00eda. <\/p>\n<p>&#13;<\/p>\n<p align=\"justify\" class=\"text1noticias\">Miguel  Vargas estuvo acompa\u00f1ado por Neney Cabrera, Alfredo Pacheco, Peggy Cabral,  Carlos Gabriel Garc\u00eda TonyEchavarr\u00eda y Nelson Arroyo, entre otros dirigentes de  su proyecto pol\u00edtico.<\/p>\n<p>&#13;<\/p>\n<h6> 2007-10-16 12:15:28 <\/h6>\n<p><!--\n<link rel=\"stylesheet\" href=\"css\/bootstrap.min.css\">\n\n\n<ul class=\"pagination\">\n\t    \n\t\n\n<li >\n\t<a href='?page_no=34913'>Previous<\/a>\n\t<\/li>\n\n\n       \n    \n\n<li><a href='?page_no=1'>1<\/a><\/li>\n\n\n\n<li><a href='?page_no=2'>2<\/a><\/li>\n\n\n\n<li><a>...<\/a><\/li>\n\n\n\n<li><a href='?page_no=34912'>34912<\/a><\/li>\n\n\n\n<li><a href='?page_no=34913'>34913<\/a><\/li>\n\n\n\n<li class='active'><a>34914<\/a><\/li>\n\n\n\n<li><a href='?page_no=34915'>34915<\/a><\/li>\n\n\n\n<li><a href='?page_no=34916'>34916<\/a><\/li>\n\n\n\n<li><a>...<\/a><\/li>\n\n\n\n<li><a href='?page_no=36999'>36999<\/a><\/li>\n\n\n\n<li><a href='?page_no=37000'>37000<\/a><\/li>\n\n    \n\t\n\n<li >\n\t<a href='?page_no=34915'>Next<\/a>\n\t<\/li>\n\n\n    \n\n<li><a href='?page_no=37000'>Last &rsaquo;&rsaquo;<\/a><\/li>\n\n<\/ul>\n\n\n--><br \/>\n<\/body><\/p>\n","protected":false},"excerpt":{"rendered":"<p>Miguel Vargas dice Cumplir\u00e1 programa de campa\u00f1a&#13; \u00a0&#13; Juan Dolio.- El candidato presidencial del Partido Revolucionario Dominicano PRD, Miguel Vargas, afirm\u00f3 aqu\u00ed que su campa\u00f1a presidencial se caracterizar\u00e1 por la exposici\u00f3n de sus ideas y las propuestas contempladas en su programa de gobierno, para colocar a la Rep\u00fablica Dominicana en un escenario de desarrollo econ\u00f3mico, [&hellip;]<\/p>\n","protected":false},"author":3,"featured_media":0,"comment_status":"open","ping_status":"open","sticky":false,"template":"","format":"standard","meta":{"footnotes":""},"categories":[22],"tags":[],"class_list":["post-192166","post","type-post","status-publish","format-standard","hentry","category-politica"],"_links":{"self":[{"href":"https:\/\/diariodominicano.com\/index.php?rest_route=\/wp\/v2\/posts\/192166","targetHints":{"allow":["GET"]}}],"collection":[{"href":"https:\/\/diariodominicano.com\/index.php?rest_route=\/wp\/v2\/posts"}],"about":[{"href":"https:\/\/diariodominicano.com\/index.php?rest_route=\/wp\/v2\/types\/post"}],"author":[{"embeddable":true,"href":"https:\/\/diariodominicano.com\/index.php?rest_route=\/wp\/v2\/users\/3"}],"replies":[{"embeddable":true,"href":"https:\/\/diariodominicano.com\/index.php?rest_route=%2Fwp%2Fv2%2Fcomments&post=192166"}],"version-history":[{"count":0,"href":"https:\/\/diariodominicano.com\/index.php?rest_route=\/wp\/v2\/posts\/192166\/revisions"}],"wp:attachment":[{"href":"https:\/\/diariodominicano.com\/index.php?rest_route=%2Fwp%2Fv2%2Fmedia&parent=192166"}],"wp:term":[{"taxonomy":"category","embeddable":true,"href":"https:\/\/diariodominicano.com\/index.php?rest_route=%2Fwp%2Fv2%2Fcategories&post=192166"},{"taxonomy":"post_tag","embeddable":true,"href":"https:\/\/diariodominicano.com\/index.php?rest_route=%2Fwp%2Fv2%2Ftags&post=192166"}],"curies":[{"name":"wp","href":"https:\/\/api.w.org\/{rel}","templated":true}]}}